{"id":82953,"date":"2016-08-09T13:14:39","date_gmt":"2016-08-09T10:14:39","guid":{"rendered":"http:\/\/www.sana.sy\/tr\/?p=82953"},"modified":"2016-08-09T14:30:04","modified_gmt":"2016-08-09T11:30:04","slug":"halepte-dis-guclere-tabi-teroristlere-yonelik-operasyonlarin-basariyla-devam-ettigini-belirten-askeri-kaynak-suriye-ve-rusya-hava-guclerinin-halepin-guneyi-ve-batisinda-yer-alan-han","status":"publish","type":"post","link":"https:\/\/archive.sana.sy\/tr\/?p=82953","title":{"rendered":"Halep\u2019te d\u0131\u015f g\u00fc\u00e7lere tabi ter\u00f6ristlere y\u00f6nelik operasyonlar\u0131n ba\u015far\u0131yla devam etti\u011fini belirten askeri kaynak; Suriye ve Rusya hava g\u00fc\u00e7lerinin Halep\u2019in g\u00fcneyi ve bat\u0131s\u0131nda yer alan Hane l Asel, Han Tuman, Etarib ve Sarmada b\u00f6lgelerinde ter\u00f6ristlere ait karargah ve ara\u00e7lar\u0131 imha ettiklerini belirtti."},"content":{"rendered":"<p>Halep\u2019te d\u0131\u015f g\u00fc\u00e7lere tabi ter\u00f6ristlere y\u00f6nelik operasyonlar\u0131n ba\u015far\u0131yla devam etti\u011fini belirten askeri kaynak; Suriye ve Rusya hava g\u00fc\u00e7lerinin Halep\u2019in g\u00fcneyi ve bat\u0131s\u0131nda yer alan Hane l Asel, Han Tuman, Etarib ve Sarmada b\u00f6lgelerinde ter\u00f6ristlere ait karargah ve ara\u00e7lar\u0131 imha ettiklerini belirtti.<\/p>\n","protected":false},"excerpt":{"rendered":"<p>Halep\u2019te d\u0131\u015f g\u00fc\u00e7lere tabi ter\u00f6ristlere y\u00f6nelik operasyonlar\u0131n ba\u015far\u0131yla devam etti\u011fini belirten askeri kaynak; Suriye ve Rusya hava g\u00fc\u00e7lerinin Halep\u2019in g\u00fcneyi ve bat\u0131s\u0131nda yer alan Hane l Asel, Han Tuman, Etarib ve Sarmada b\u00f6lgelerinde ter\u00f6ristlere ait karargah ve ara\u00e7lar\u0131 imha ettiklerini belirtti.<\/p>\n","protected":false},"author":1,"featured_media":0,"comment_status":"closed","ping_status":"closed","sticky":false,"template":"","format":"standard","meta":{"footnotes":""},"categories":[17991],"tags":[],"class_list":["post-82953","post","type-post","status-publish","format-standard","","category-son-dakika"],"_links":{"self":[{"href":"https:\/\/archive.sana.sy\/tr\/index.php?rest_route=\/wp\/v2\/posts\/82953","targetHints":{"allow":["GET"]}}],"collection":[{"href":"https:\/\/archive.sana.sy\/tr\/index.php?rest_route=\/wp\/v2\/posts"}],"about":[{"href":"https:\/\/archive.sana.sy\/tr\/index.php?rest_route=\/wp\/v2\/types\/post"}],"author":[{"embeddable":true,"href":"https:\/\/archive.sana.sy\/tr\/index.php?rest_route=\/wp\/v2\/users\/1"}],"replies":[{"embeddable":true,"href":"https:\/\/archive.sana.sy\/tr\/index.php?rest_route=%2Fwp%2Fv2%2Fcomments&post=82953"}],"version-history":[{"count":0,"href":"https:\/\/archive.sana.sy\/tr\/index.php?rest_route=\/wp\/v2\/posts\/82953\/revisions"}],"wp:attachment":[{"href":"https:\/\/archive.sana.sy\/tr\/index.php?rest_route=%2Fwp%2Fv2%2Fmedia&parent=82953"}],"wp:term":[{"taxonomy":"category","embeddable":true,"href":"https:\/\/archive.sana.sy\/tr\/index.php?rest_route=%2Fwp%2Fv2%2Fcategories&post=82953"},{"taxonomy":"post_tag","embeddable":true,"href":"https:\/\/archive.sana.sy\/tr\/index.php?rest_route=%2Fwp%2Fv2%2Ftags&post=82953"}],"curies":[{"name":"wp","href":"https:\/\/api.w.org\/{rel}","templated":true}]}}