{"id":82955,"date":"2016-08-09T11:33:06","date_gmt":"2016-08-09T08:33:06","guid":{"rendered":"http:\/\/www.sana.sy\/tr\/?p=82955"},"modified":"2016-08-09T14:17:11","modified_gmt":"2016-08-09T11:17:11","slug":"kaynak-ordu-birliklerimizin-dera-kirsalinin-dogusu-zeydi-vadisi-ile-busra-kenti-arasinda-sizmaya-calisan-bir-teror-grubunun-tum-uyelerini-arac-ve-ekipmanlariyla-birlikte-etkisiz-hale-getirdiklerini-so","status":"publish","type":"post","link":"https:\/\/archive.sana.sy\/tr\/?p=82955","title":{"rendered":"Kaynak ordu birliklerimizin Dera k\u0131rsal\u0131n\u0131n do\u011fusu Zeydi Vadisi ile Busra Kenti aras\u0131nda s\u0131zmaya \u00e7al\u0131\u015fan bir ter\u00f6r grubunun t\u00fcm \u00fcyelerini ara\u00e7 ve ekipmanlar\u0131yla birlikte etkisiz hale getirdiklerini s\u00f6yledi."},"content":{"rendered":"<p>Kaynak ordu birliklerimizin Dera k\u0131rsal\u0131n\u0131n do\u011fusu Zeydi Vadisi ile Busra Kenti aras\u0131nda s\u0131zmaya \u00e7al\u0131\u015fan bir ter\u00f6r grubunun t\u00fcm \u00fcyelerini ara\u00e7 ve ekipmanlar\u0131yla birlikte etkisiz hale getirdiklerini s\u00f6yledi.<\/p>\n","protected":false},"excerpt":{"rendered":"<p>Kaynak ordu birliklerimizin Dera k\u0131rsal\u0131n\u0131n do\u011fusu Zeydi Vadisi ile Busra Kenti aras\u0131nda s\u0131zmaya \u00e7al\u0131\u015fan bir ter\u00f6r grubunun t\u00fcm \u00fcyelerini ara\u00e7 ve ekipmanlar\u0131yla birlikte etkisiz hale getirdiklerini s\u00f6yledi.<\/p>\n","protected":false},"author":1,"featured_media":0,"comment_status":"closed","ping_status":"closed","sticky":false,"template":"","format":"standard","meta":{"footnotes":""},"categories":[17991],"tags":[],"class_list":["post-82955","post","type-post","status-publish","format-standard","","category-son-dakika"],"_links":{"self":[{"href":"https:\/\/archive.sana.sy\/tr\/index.php?rest_route=\/wp\/v2\/posts\/82955","targetHints":{"allow":["GET"]}}],"collection":[{"href":"https:\/\/archive.sana.sy\/tr\/index.php?rest_route=\/wp\/v2\/posts"}],"about":[{"href":"https:\/\/archive.sana.sy\/tr\/index.php?rest_route=\/wp\/v2\/types\/post"}],"author":[{"embeddable":true,"href":"https:\/\/archive.sana.sy\/tr\/index.php?rest_route=\/wp\/v2\/users\/1"}],"replies":[{"embeddable":true,"href":"https:\/\/archive.sana.sy\/tr\/index.php?rest_route=%2Fwp%2Fv2%2Fcomments&post=82955"}],"version-history":[{"count":0,"href":"https:\/\/archive.sana.sy\/tr\/index.php?rest_route=\/wp\/v2\/posts\/82955\/revisions"}],"wp:attachment":[{"href":"https:\/\/archive.sana.sy\/tr\/index.php?rest_route=%2Fwp%2Fv2%2Fmedia&parent=82955"}],"wp:term":[{"taxonomy":"category","embeddable":true,"href":"https:\/\/archive.sana.sy\/tr\/index.php?rest_route=%2Fwp%2Fv2%2Fcategories&post=82955"},{"taxonomy":"post_tag","embeddable":true,"href":"https:\/\/archive.sana.sy\/tr\/index.php?rest_route=%2Fwp%2Fv2%2Ftags&post=82955"}],"curies":[{"name":"wp","href":"https:\/\/api.w.org\/{rel}","templated":true}]}}