{"id":82970,"date":"2016-08-09T14:30:49","date_gmt":"2016-08-09T11:30:49","guid":{"rendered":"http:\/\/www.sana.sy\/tr\/?p=82970"},"modified":"2016-08-09T14:54:27","modified_gmt":"2016-08-09T11:54:27","slug":"halep-emniyet-mudurlugunde-bir-kaynak-ise-sanaya-aciklamasinda-dis-guclerden-destek-ve-komuta-alan-teroristlerin-halep-kentinin-hamadaniye-ve-azamiye-semtlerinde-vatandaslari-ve-evlerini-kesk","status":"publish","type":"post","link":"https:\/\/archive.sana.sy\/tr\/?p=82970","title":{"rendered":"Halep Emniyet M\u00fcd\u00fcrl\u00fc\u011f\u00fcnde bir kaynak ise SANA\u2019ya a\u00e7\u0131klamas\u0131nda d\u0131\u015f g\u00fc\u00e7lerden destek ve komuta alan ter\u00f6ristlerin Halep Kentinin Hamadaniye ve Azamiye semtlerinde vatanda\u015flar\u0131 ve evlerini keskin ni\u015fanc\u0131 ve patlay\u0131c\u0131 mermilerle hedef almalar\u0131yla 3 vatanda\u015f\u0131n yaraland\u0131\u011f\u0131n\u0131 belirtti."},"content":{"rendered":"<p>Halep Emniyet M\u00fcd\u00fcrl\u00fc\u011f\u00fcnde bir kaynak ise SANA\u2019ya a\u00e7\u0131klamas\u0131nda d\u0131\u015f g\u00fc\u00e7lerden destek ve komuta alan ter\u00f6ristlerin Halep Kentinin Hamadaniye ve Azamiye semtlerinde vatanda\u015flar\u0131 ve evlerini keskin ni\u015fanc\u0131 ve patlay\u0131c\u0131 mermilerle hedef almalar\u0131yla 3 vatanda\u015f\u0131n yaraland\u0131\u011f\u0131n\u0131 belirtti.<\/p>\n","protected":false},"excerpt":{"rendered":"<p>Halep Emniyet M\u00fcd\u00fcrl\u00fc\u011f\u00fcnde bir kaynak ise SANA\u2019ya a\u00e7\u0131klamas\u0131nda d\u0131\u015f g\u00fc\u00e7lerden destek ve komuta alan ter\u00f6ristlerin Halep Kentinin Hamadaniye ve Azamiye semtlerinde vatanda\u015flar\u0131 ve evlerini keskin ni\u015fanc\u0131 ve patlay\u0131c\u0131 mermilerle hedef almalar\u0131yla 3 vatanda\u015f\u0131n yaraland\u0131\u011f\u0131n\u0131 belirtti.<\/p>\n","protected":false},"author":1,"featured_media":0,"comment_status":"closed","ping_status":"closed","sticky":false,"template":"","format":"standard","meta":{"footnotes":""},"categories":[17991],"tags":[],"class_list":["post-82970","post","type-post","status-publish","format-standard","","category-son-dakika"],"_links":{"self":[{"href":"https:\/\/archive.sana.sy\/tr\/index.php?rest_route=\/wp\/v2\/posts\/82970","targetHints":{"allow":["GET"]}}],"collection":[{"href":"https:\/\/archive.sana.sy\/tr\/index.php?rest_route=\/wp\/v2\/posts"}],"about":[{"href":"https:\/\/archive.sana.sy\/tr\/index.php?rest_route=\/wp\/v2\/types\/post"}],"author":[{"embeddable":true,"href":"https:\/\/archive.sana.sy\/tr\/index.php?rest_route=\/wp\/v2\/users\/1"}],"replies":[{"embeddable":true,"href":"https:\/\/archive.sana.sy\/tr\/index.php?rest_route=%2Fwp%2Fv2%2Fcomments&post=82970"}],"version-history":[{"count":0,"href":"https:\/\/archive.sana.sy\/tr\/index.php?rest_route=\/wp\/v2\/posts\/82970\/revisions"}],"wp:attachment":[{"href":"https:\/\/archive.sana.sy\/tr\/index.php?rest_route=%2Fwp%2Fv2%2Fmedia&parent=82970"}],"wp:term":[{"taxonomy":"category","embeddable":true,"href":"https:\/\/archive.sana.sy\/tr\/index.php?rest_route=%2Fwp%2Fv2%2Fcategories&post=82970"},{"taxonomy":"post_tag","embeddable":true,"href":"https:\/\/archive.sana.sy\/tr\/index.php?rest_route=%2Fwp%2Fv2%2Ftags&post=82970"}],"curies":[{"name":"wp","href":"https:\/\/api.w.org\/{rel}","templated":true}]}}