{"id":83063,"date":"2016-08-10T11:29:55","date_gmt":"2016-08-10T08:29:55","guid":{"rendered":"http:\/\/www.sana.sy\/tr\/?p=83063"},"modified":"2016-08-10T11:29:55","modified_gmt":"2016-08-10T08:29:55","slug":"askeri-kaynak-ordu-birliklerimizin-halk-savunma-gucleriyle-isbirligi-icinde-hama-ilinin-dogusu-selemiye-kirsalinda-yer-alan-saaf-bolgesinde-tekfirci-teroristlerin-toplanma-yerleri-ve-cok-sayida-aracin","status":"publish","type":"post","link":"https:\/\/archive.sana.sy\/tr\/?p=83063","title":{"rendered":"Askeri kaynak ordu birliklerimizin Halk Savunma G\u00fc\u00e7leriyle i\u015fbirli\u011fi i\u00e7inde Hama \u0130linin do\u011fusu Selemiye k\u0131rsal\u0131nda yer alan Saaf B\u00f6lgesinde tekfirci ter\u00f6ristlerin toplanma yerleri ve \u00e7ok say\u0131da arac\u0131n\u0131 imha ederek onlarca ter\u00f6risti etkisiz hale getirdiklerini belirtti"},"content":{"rendered":"<p>Askeri kaynak ordu birliklerimizin Halk Savunma G\u00fc\u00e7leriyle i\u015fbirli\u011fi i\u00e7inde Hama \u0130linin do\u011fusu Selemiye k\u0131rsal\u0131nda yer alan Saaf B\u00f6lgesinde tekfirci ter\u00f6ristlerin toplanma yerleri ve \u00e7ok say\u0131da arac\u0131n\u0131 imha ederek onlarca ter\u00f6risti etkisiz hale getirdiklerini belirtti<\/p>\n","protected":false},"excerpt":{"rendered":"<p>Askeri kaynak ordu birliklerimizin Halk Savunma G\u00fc\u00e7leriyle i\u015fbirli\u011fi i\u00e7inde Hama \u0130linin do\u011fusu Selemiye k\u0131rsal\u0131nda yer alan Saaf B\u00f6lgesinde tekfirci ter\u00f6ristlerin toplanma yerleri ve \u00e7ok say\u0131da arac\u0131n\u0131 imha ederek onlarca ter\u00f6risti etkisiz hale getirdiklerini belirtti<\/p>\n","protected":false},"author":1,"featured_media":0,"comment_status":"closed","ping_status":"closed","sticky":false,"template":"","format":"standard","meta":{"footnotes":""},"categories":[17991],"tags":[],"class_list":["post-83063","post","type-post","status-publish","format-standard","","category-son-dakika"],"_links":{"self":[{"href":"https:\/\/archive.sana.sy\/tr\/index.php?rest_route=\/wp\/v2\/posts\/83063","targetHints":{"allow":["GET"]}}],"collection":[{"href":"https:\/\/archive.sana.sy\/tr\/index.php?rest_route=\/wp\/v2\/posts"}],"about":[{"href":"https:\/\/archive.sana.sy\/tr\/index.php?rest_route=\/wp\/v2\/types\/post"}],"author":[{"embeddable":true,"href":"https:\/\/archive.sana.sy\/tr\/index.php?rest_route=\/wp\/v2\/users\/1"}],"replies":[{"embeddable":true,"href":"https:\/\/archive.sana.sy\/tr\/index.php?rest_route=%2Fwp%2Fv2%2Fcomments&post=83063"}],"version-history":[{"count":0,"href":"https:\/\/archive.sana.sy\/tr\/index.php?rest_route=\/wp\/v2\/posts\/83063\/revisions"}],"wp:attachment":[{"href":"https:\/\/archive.sana.sy\/tr\/index.php?rest_route=%2Fwp%2Fv2%2Fmedia&parent=83063"}],"wp:term":[{"taxonomy":"category","embeddable":true,"href":"https:\/\/archive.sana.sy\/tr\/index.php?rest_route=%2Fwp%2Fv2%2Fcategories&post=83063"},{"taxonomy":"post_tag","embeddable":true,"href":"https:\/\/archive.sana.sy\/tr\/index.php?rest_route=%2Fwp%2Fv2%2Ftags&post=83063"}],"curies":[{"name":"wp","href":"https:\/\/api.w.org\/{rel}","templated":true}]}}