{"id":83104,"date":"2016-08-10T11:00:50","date_gmt":"2016-08-10T08:00:50","guid":{"rendered":"http:\/\/www.sana.sy\/tr\/?p=83104"},"modified":"2016-08-10T12:27:04","modified_gmt":"2016-08-10T09:27:04","slug":"israil-destekli-tekfirci-teroristler-dera-kentinin-sebil-ve-matar-semtlerinde-vatandaslarin-evlerini-fuze-yagmuruna-tuttular","status":"publish","type":"post","link":"https:\/\/archive.sana.sy\/tr\/?p=83104","title":{"rendered":"\u0130srail destekli tekfirci ter\u00f6ristler Dera Kentinin Sebil ve Matar semtlerinde vatanda\u015flar\u0131n evlerini f\u00fcze ya\u011fmuruna tuttular"},"content":{"rendered":"<p>\u0130srail destekli tekfirci ter\u00f6ristler Dera Kentinin Sebil ve Matar semtlerinde vatanda\u015flar\u0131n evlerini f\u00fcze ya\u011fmuruna tuttular<\/p>\n<p>https:\/\/youtu.be\/fXFQ_DmBDcA<\/p>\n<p>R.H.<\/p>\n","protected":false},"excerpt":{"rendered":"<p>\u0130srail destekli tekfirci ter\u00f6ristler Dera Kentinin Sebil ve Matar semtlerinde vatanda\u015flar\u0131n evlerini f\u00fcze ya\u011fmuruna tuttular https:\/\/youtu.be\/fXFQ_DmBDcA R.H.<\/p>\n","protected":false},"author":1,"featured_media":83108,"comment_status":"closed","ping_status":"closed","sticky":false,"template":"","format":"standard","meta":{"footnotes":""},"categories":[18295],"tags":[23062],"class_list":["post-83104","post","type-post","status-publish","format-standard","has-post-thumbnail","","category-sana-video","tag-israil-destekli-tekfirci-teroristler-dera-kentinin-sebil-ve-matar-semtlerinde-vatandaslarin-evlerini-fuze-yagmuruna-tuttular"],"_links":{"self":[{"href":"https:\/\/archive.sana.sy\/tr\/index.php?rest_route=\/wp\/v2\/posts\/83104","targetHints":{"allow":["GET"]}}],"collection":[{"href":"https:\/\/archive.sana.sy\/tr\/index.php?rest_route=\/wp\/v2\/posts"}],"about":[{"href":"https:\/\/archive.sana.sy\/tr\/index.php?rest_route=\/wp\/v2\/types\/post"}],"author":[{"embeddable":true,"href":"https:\/\/archive.sana.sy\/tr\/index.php?rest_route=\/wp\/v2\/users\/1"}],"replies":[{"embeddable":true,"href":"https:\/\/archive.sana.sy\/tr\/index.php?rest_route=%2Fwp%2Fv2%2Fcomments&post=83104"}],"version-history":[{"count":0,"href":"https:\/\/archive.sana.sy\/tr\/index.php?rest_route=\/wp\/v2\/posts\/83104\/revisions"}],"wp:featuredmedia":[{"embeddable":true,"href":"https:\/\/archive.sana.sy\/tr\/index.php?rest_route=\/wp\/v2\/media\/83108"}],"wp:attachment":[{"href":"https:\/\/archive.sana.sy\/tr\/index.php?rest_route=%2Fwp%2Fv2%2Fmedia&parent=83104"}],"wp:term":[{"taxonomy":"category","embeddable":true,"href":"https:\/\/archive.sana.sy\/tr\/index.php?rest_route=%2Fwp%2Fv2%2Fcategories&post=83104"},{"taxonomy":"post_tag","embeddable":true,"href":"https:\/\/archive.sana.sy\/tr\/index.php?rest_route=%2Fwp%2Fv2%2Ftags&post=83104"}],"curies":[{"name":"wp","href":"https:\/\/api.w.org\/{rel}","templated":true}]}}