{"id":83121,"date":"2016-08-10T10:44:21","date_gmt":"2016-08-10T07:44:21","guid":{"rendered":"http:\/\/www.sana.sy\/tr\/?p=83121"},"modified":"2016-08-10T14:26:06","modified_gmt":"2016-08-10T11:26:06","slug":"askeri-kaynak-sanaya-aciklamasinda-ordu-birliklerimizin-sam-kirsalinin-guneybatisinda-kunaytra-ve-dera-il-idari-sinirlari-ucgenine-dusen-derhabiye-mezralari-ve-han-el-siyh-bolgelerinin-yani-s","status":"publish","type":"post","link":"https:\/\/archive.sana.sy\/tr\/?p=83121","title":{"rendered":"Askeri kaynak SANA\u2019ya a\u00e7\u0131klamas\u0131nda ordu birliklerimizin \u015eam k\u0131rsal\u0131n\u0131n g\u00fcneybat\u0131s\u0131nda Kunaytra ve Dera il idari s\u0131n\u0131rlar\u0131 \u00fc\u00e7genine d\u00fc\u015fen Derhabiye Mezralar\u0131 ve Han el \u015eiyh b\u00f6lgelerinin yan\u0131 s\u0131ra Beyt Cin Mezras\u0131 civarlar\u0131nda tekfirci ter\u00f6r \u00f6rg\u00fctlerin karargah ve hareketlenmelerini imha ettiklerini belirtti."},"content":{"rendered":"<p>Askeri kaynak SANA\u2019ya a\u00e7\u0131klamas\u0131nda ordu birliklerimizin \u015eam k\u0131rsal\u0131n\u0131n g\u00fcneybat\u0131s\u0131nda Kunaytra ve Dera il idari s\u0131n\u0131rlar\u0131 \u00fc\u00e7genine d\u00fc\u015fen Derhabiye Mezralar\u0131 ve Han el \u015eiyh b\u00f6lgelerinin yan\u0131 s\u0131ra Beyt Cin Mezras\u0131 civarlar\u0131nda tekfirci ter\u00f6r \u00f6rg\u00fctlerin karargah ve hareketlenmelerini imha ettiklerini belirtti.<\/p>\n","protected":false},"excerpt":{"rendered":"<p>Askeri kaynak SANA\u2019ya a\u00e7\u0131klamas\u0131nda ordu birliklerimizin \u015eam k\u0131rsal\u0131n\u0131n g\u00fcneybat\u0131s\u0131nda Kunaytra ve Dera il idari s\u0131n\u0131rlar\u0131 \u00fc\u00e7genine d\u00fc\u015fen Derhabiye Mezralar\u0131 ve Han el \u015eiyh b\u00f6lgelerinin yan\u0131 s\u0131ra Beyt Cin Mezras\u0131 civarlar\u0131nda tekfirci ter\u00f6r \u00f6rg\u00fctlerin karargah ve hareketlenmelerini imha ettiklerini belirtti.<\/p>\n","protected":false},"author":1,"featured_media":0,"comment_status":"closed","ping_status":"closed","sticky":false,"template":"","format":"standard","meta":{"footnotes":""},"categories":[17991],"tags":[],"class_list":["post-83121","post","type-post","status-publish","format-standard","","category-son-dakika"],"_links":{"self":[{"href":"https:\/\/archive.sana.sy\/tr\/index.php?rest_route=\/wp\/v2\/posts\/83121","targetHints":{"allow":["GET"]}}],"collection":[{"href":"https:\/\/archive.sana.sy\/tr\/index.php?rest_route=\/wp\/v2\/posts"}],"about":[{"href":"https:\/\/archive.sana.sy\/tr\/index.php?rest_route=\/wp\/v2\/types\/post"}],"author":[{"embeddable":true,"href":"https:\/\/archive.sana.sy\/tr\/index.php?rest_route=\/wp\/v2\/users\/1"}],"replies":[{"embeddable":true,"href":"https:\/\/archive.sana.sy\/tr\/index.php?rest_route=%2Fwp%2Fv2%2Fcomments&post=83121"}],"version-history":[{"count":0,"href":"https:\/\/archive.sana.sy\/tr\/index.php?rest_route=\/wp\/v2\/posts\/83121\/revisions"}],"wp:attachment":[{"href":"https:\/\/archive.sana.sy\/tr\/index.php?rest_route=%2Fwp%2Fv2%2Fmedia&parent=83121"}],"wp:term":[{"taxonomy":"category","embeddable":true,"href":"https:\/\/archive.sana.sy\/tr\/index.php?rest_route=%2Fwp%2Fv2%2Fcategories&post=83121"},{"taxonomy":"post_tag","embeddable":true,"href":"https:\/\/archive.sana.sy\/tr\/index.php?rest_route=%2Fwp%2Fv2%2Ftags&post=83121"}],"curies":[{"name":"wp","href":"https:\/\/api.w.org\/{rel}","templated":true}]}}