{"id":83129,"date":"2016-08-10T10:48:48","date_gmt":"2016-08-10T07:48:48","guid":{"rendered":"http:\/\/www.sana.sy\/tr\/?p=83129"},"modified":"2016-08-10T14:26:23","modified_gmt":"2016-08-10T11:26:23","slug":"kaynak-operasyonda-bir-kismi-agir-silahlarla-donatilmis-araclarla-birlikte-cephanenin-imha-edildigini-aralarinda-saha-komutanlarinin-bulundugu-cok-sayida-teroristin-de-olu-yarali-dusuruldugunu-sozler","status":"publish","type":"post","link":"https:\/\/archive.sana.sy\/tr\/?p=83129","title":{"rendered":"Kaynak operasyonda bir k\u0131sm\u0131 a\u011f\u0131r silahlarla donat\u0131lm\u0131\u015f ara\u00e7larla birlikte cephanenin imha edildi\u011fini, aralar\u0131nda saha komutanlar\u0131n\u0131n bulundu\u011fu \u00e7ok say\u0131da ter\u00f6ristin de \u00f6l\u00fc yaral\u0131 d\u00fc\u015f\u00fcr\u00fcld\u00fc\u011f\u00fcn\u00fc s\u00f6zlerine ekledi."},"content":{"rendered":"<p>Kaynak operasyonda bir k\u0131sm\u0131 a\u011f\u0131r silahlarla donat\u0131lm\u0131\u015f ara\u00e7larla birlikte cephanenin imha edildi\u011fini, aralar\u0131nda saha komutanlar\u0131n\u0131n bulundu\u011fu \u00e7ok say\u0131da ter\u00f6ristin de \u00f6l\u00fc yaral\u0131 d\u00fc\u015f\u00fcr\u00fcld\u00fc\u011f\u00fcn\u00fc s\u00f6zlerine ekledi.<\/p>\n","protected":false},"excerpt":{"rendered":"<p>Kaynak operasyonda bir k\u0131sm\u0131 a\u011f\u0131r silahlarla donat\u0131lm\u0131\u015f ara\u00e7larla birlikte cephanenin imha edildi\u011fini, aralar\u0131nda saha komutanlar\u0131n\u0131n bulundu\u011fu \u00e7ok say\u0131da ter\u00f6ristin de \u00f6l\u00fc yaral\u0131 d\u00fc\u015f\u00fcr\u00fcld\u00fc\u011f\u00fcn\u00fc s\u00f6zlerine ekledi.<\/p>\n","protected":false},"author":1,"featured_media":0,"comment_status":"closed","ping_status":"closed","sticky":false,"template":"","format":"standard","meta":{"footnotes":""},"categories":[17991],"tags":[],"class_list":["post-83129","post","type-post","status-publish","format-standard","","category-son-dakika"],"_links":{"self":[{"href":"https:\/\/archive.sana.sy\/tr\/index.php?rest_route=\/wp\/v2\/posts\/83129","targetHints":{"allow":["GET"]}}],"collection":[{"href":"https:\/\/archive.sana.sy\/tr\/index.php?rest_route=\/wp\/v2\/posts"}],"about":[{"href":"https:\/\/archive.sana.sy\/tr\/index.php?rest_route=\/wp\/v2\/types\/post"}],"author":[{"embeddable":true,"href":"https:\/\/archive.sana.sy\/tr\/index.php?rest_route=\/wp\/v2\/users\/1"}],"replies":[{"embeddable":true,"href":"https:\/\/archive.sana.sy\/tr\/index.php?rest_route=%2Fwp%2Fv2%2Fcomments&post=83129"}],"version-history":[{"count":0,"href":"https:\/\/archive.sana.sy\/tr\/index.php?rest_route=\/wp\/v2\/posts\/83129\/revisions"}],"wp:attachment":[{"href":"https:\/\/archive.sana.sy\/tr\/index.php?rest_route=%2Fwp%2Fv2%2Fmedia&parent=83129"}],"wp:term":[{"taxonomy":"category","embeddable":true,"href":"https:\/\/archive.sana.sy\/tr\/index.php?rest_route=%2Fwp%2Fv2%2Fcategories&post=83129"},{"taxonomy":"post_tag","embeddable":true,"href":"https:\/\/archive.sana.sy\/tr\/index.php?rest_route=%2Fwp%2Fv2%2Ftags&post=83129"}],"curies":[{"name":"wp","href":"https:\/\/api.w.org\/{rel}","templated":true}]}}