{"id":8313,"date":"2014-08-26T16:02:44","date_gmt":"2014-08-26T13:02:44","guid":{"rendered":"http:\/\/www.sana.sy\/tr\/?p=8313"},"modified":"2014-08-26T16:02:44","modified_gmt":"2014-08-26T13:02:44","slug":"keskin-nisanci-sivil-motosiklete-ates-acti","status":"publish","type":"post","link":"https:\/\/archive.sana.sy\/tr\/?p=8313","title":{"rendered":"Keskin Ni\u015fanc\u0131 Sivil Motosiklete Ate\u015f A\u00e7t\u0131"},"content":{"rendered":"<p>\u015eAM KIRSALI \u2013 \u015eam \u00c7evre Kent Emniyet M\u00fcd\u00fcrl\u00fc\u011f\u00fcnde bir kaynak keskin ni\u015fanc\u0131 bir ter\u00f6ristin bug\u00fcn \u015eam k\u0131rsal\u0131 Haresta Otoban\u0131 \u00fczerinde sivil bir vatanda\u015f\u0131n kulland\u0131\u011f\u0131 motosiklete ate\u015f a\u00e7t\u0131\u011f\u0131n\u0131 s\u00f6yledi.<\/p>\n<p>Kaynak \u015eam\u2019\u0131n giri\u015finde Su Kaynaklar\u0131 Binas\u0131 yak\u0131nlar\u0131nda meydana gelen olayda motosiklet sahibi sivil vatanda\u015f\u0131n a\u011f\u0131r yaraland\u0131\u011f\u0131n\u0131 aktar\u0131rken, yaral\u0131n\u0131n hastaneye kald\u0131r\u0131ld\u0131\u011f\u0131n\u0131 ifade etti.<\/p>\n","protected":false},"excerpt":{"rendered":"<p>\u015eAM KIRSALI \u2013 \u015eam \u00c7evre Kent Emniyet M\u00fcd\u00fcrl\u00fc\u011f\u00fcnde bir kaynak keskin ni\u015fanc\u0131 bir ter\u00f6ristin bug\u00fcn \u015eam k\u0131rsal\u0131 Haresta Otoban\u0131 \u00fczerinde sivil bir vatanda\u015f\u0131n kulland\u0131\u011f\u0131 motosiklete ate\u015f a\u00e7t\u0131\u011f\u0131n\u0131 s\u00f6yledi. Kaynak \u015eam\u2019\u0131n giri\u015finde Su Kaynaklar\u0131 Binas\u0131 yak\u0131nlar\u0131nda meydana gelen olayda motosiklet sahibi sivil vatanda\u015f\u0131n a\u011f\u0131r yaraland\u0131\u011f\u0131n\u0131 aktar\u0131rken, yaral\u0131n\u0131n hastaneye kald\u0131r\u0131ld\u0131\u011f\u0131n\u0131 ifade etti.<\/p>\n","protected":false},"author":1,"featured_media":8315,"comment_status":"closed","ping_status":"closed","sticky":false,"template":"","format":"standard","meta":{"footnotes":""},"categories":[479,575,478],"tags":[1863],"class_list":["post-8313","post","type-post","status-publish","format-standard","has-post-thumbnail","","category-haberler-yerel","category-olaylar-ve-gercekler","category-yerel","tag-keskin-nisanci-sivil-motosiklete-ates-acti"],"_links":{"self":[{"href":"https:\/\/archive.sana.sy\/tr\/index.php?rest_route=\/wp\/v2\/posts\/8313","targetHints":{"allow":["GET"]}}],"collection":[{"href":"https:\/\/archive.sana.sy\/tr\/index.php?rest_route=\/wp\/v2\/posts"}],"about":[{"href":"https:\/\/archive.sana.sy\/tr\/index.php?rest_route=\/wp\/v2\/types\/post"}],"author":[{"embeddable":true,"href":"https:\/\/archive.sana.sy\/tr\/index.php?rest_route=\/wp\/v2\/users\/1"}],"replies":[{"embeddable":true,"href":"https:\/\/archive.sana.sy\/tr\/index.php?rest_route=%2Fwp%2Fv2%2Fcomments&post=8313"}],"version-history":[{"count":0,"href":"https:\/\/archive.sana.sy\/tr\/index.php?rest_route=\/wp\/v2\/posts\/8313\/revisions"}],"wp:featuredmedia":[{"embeddable":true,"href":"https:\/\/archive.sana.sy\/tr\/index.php?rest_route=\/wp\/v2\/media\/8315"}],"wp:attachment":[{"href":"https:\/\/archive.sana.sy\/tr\/index.php?rest_route=%2Fwp%2Fv2%2Fmedia&parent=8313"}],"wp:term":[{"taxonomy":"category","embeddable":true,"href":"https:\/\/archive.sana.sy\/tr\/index.php?rest_route=%2Fwp%2Fv2%2Fcategories&post=8313"},{"taxonomy":"post_tag","embeddable":true,"href":"https:\/\/archive.sana.sy\/tr\/index.php?rest_route=%2Fwp%2Fv2%2Ftags&post=8313"}],"curies":[{"name":"wp","href":"https:\/\/api.w.org\/{rel}","templated":true}]}}