{"id":83138,"date":"2016-08-10T15:18:53","date_gmt":"2016-08-10T12:18:53","guid":{"rendered":"http:\/\/www.sana.sy\/tr\/?p=83138"},"modified":"2016-08-11T11:03:54","modified_gmt":"2016-08-11T08:03:54","slug":"basbakan-patrik-lahham-ile-gorustu","status":"publish","type":"post","link":"https:\/\/archive.sana.sy\/tr\/?p=83138","title":{"rendered":"Ba\u015fbakan Patrik Lahham ile G\u00f6r\u00fc\u015ft\u00fc"},"content":{"rendered":"<p>\u015eAM \u2013 Ba\u015fbakan \u0130mad Hamis bug\u00fcn Antakya ve T\u00fcm Do\u011fu Rum Melkite Katolikler Patri\u011fi III. Grigorios Lahham ile bulu\u015fmas\u0131nda; H\u0131ristiyan ve M\u00fcsl\u00fcman din adamlar\u0131n\u0131n toplumu tekfircilik ve ter\u00f6re kar\u015f\u0131 ideolojik ve k\u00fclt\u00fcrel olarak bilin\u00e7lendirmede oynad\u0131klar\u0131 ulusalc\u0131 rol\u00fc \u00f6vd\u00fc.<\/p>\n<p>Ba\u015fbakan Hamis Suriye ve halk\u0131n\u0131n evrensel tekfirci ter\u00f6r nedeniyle ya\u015fad\u0131\u011f\u0131 ko\u015fullara \u0131\u015f\u0131k tutmada din adamlar\u0131n\u0131n rol\u00fcne vurgu yapt\u0131.<\/p>\n<p>Suriye&#8217;nin ya\u015fad\u0131\u011f\u0131 t\u00fcm bu ko\u015fullar\u0131 atlataca\u011f\u0131na inand\u0131\u011f\u0131n\u0131 ifade eden Patrik Lahham; Suriye&#8217;nin tarih boyunca te\u015fkil etti\u011fi ho\u015fg\u00f6r\u00fc ve ortak ya\u015fam modeli olmaya devam edece\u011fini s\u00f6yledi.<\/p>\n","protected":false},"excerpt":{"rendered":"<p>\u015eAM \u2013 Ba\u015fbakan \u0130mad Hamis bug\u00fcn Antakya ve T\u00fcm Do\u011fu Rum Melkite Katolikler Patri\u011fi III. Grigorios Lahham ile bulu\u015fmas\u0131nda; H\u0131ristiyan ve M\u00fcsl\u00fcman din adamlar\u0131n\u0131n toplumu tekfircilik ve ter\u00f6re kar\u015f\u0131 ideolojik ve k\u00fclt\u00fcrel olarak bilin\u00e7lendirmede oynad\u0131klar\u0131 ulusalc\u0131 rol\u00fc \u00f6vd\u00fc. Ba\u015fbakan Hamis Suriye ve halk\u0131n\u0131n evrensel tekfirci ter\u00f6r nedeniyle ya\u015fad\u0131\u011f\u0131 ko\u015fullara \u0131\u015f\u0131k tutmada din adamlar\u0131n\u0131n rol\u00fcne vurgu &hellip;<\/p>\n","protected":false},"author":1,"featured_media":83144,"comment_status":"closed","ping_status":"closed","sticky":false,"template":"","format":"standard","meta":{"footnotes":""},"categories":[479,17988,478],"tags":[23067,23066],"class_list":["post-83138","post","type-post","status-publish","format-standard","has-post-thumbnail","","category-haberler-yerel","category-son-haberler","category-yerel","tag-basbakan-imad-hamis-bugun-antakya-ve-tum-dogu-rum-melkite-katolikler-patrigi-iii-grigorios-lahham","tag-basbakan-patrik-lahham-ile-gorustu"],"_links":{"self":[{"href":"https:\/\/archive.sana.sy\/tr\/index.php?rest_route=\/wp\/v2\/posts\/83138","targetHints":{"allow":["GET"]}}],"collection":[{"href":"https:\/\/archive.sana.sy\/tr\/index.php?rest_route=\/wp\/v2\/posts"}],"about":[{"href":"https:\/\/archive.sana.sy\/tr\/index.php?rest_route=\/wp\/v2\/types\/post"}],"author":[{"embeddable":true,"href":"https:\/\/archive.sana.sy\/tr\/index.php?rest_route=\/wp\/v2\/users\/1"}],"replies":[{"embeddable":true,"href":"https:\/\/archive.sana.sy\/tr\/index.php?rest_route=%2Fwp%2Fv2%2Fcomments&post=83138"}],"version-history":[{"count":0,"href":"https:\/\/archive.sana.sy\/tr\/index.php?rest_route=\/wp\/v2\/posts\/83138\/revisions"}],"wp:featuredmedia":[{"embeddable":true,"href":"https:\/\/archive.sana.sy\/tr\/index.php?rest_route=\/wp\/v2\/media\/83144"}],"wp:attachment":[{"href":"https:\/\/archive.sana.sy\/tr\/index.php?rest_route=%2Fwp%2Fv2%2Fmedia&parent=83138"}],"wp:term":[{"taxonomy":"category","embeddable":true,"href":"https:\/\/archive.sana.sy\/tr\/index.php?rest_route=%2Fwp%2Fv2%2Fcategories&post=83138"},{"taxonomy":"post_tag","embeddable":true,"href":"https:\/\/archive.sana.sy\/tr\/index.php?rest_route=%2Fwp%2Fv2%2Ftags&post=83138"}],"curies":[{"name":"wp","href":"https:\/\/api.w.org\/{rel}","templated":true}]}}