{"id":83147,"date":"2016-08-10T15:28:14","date_gmt":"2016-08-10T12:28:14","guid":{"rendered":"http:\/\/www.sana.sy\/tr\/?p=83147"},"modified":"2016-08-11T11:04:11","modified_gmt":"2016-08-11T08:04:11","slug":"silahlariyla-teslim-olan-135-kanun-kacagi-serbest-birakildi","status":"publish","type":"post","link":"https:\/\/archive.sana.sy\/tr\/?p=83147","title":{"rendered":"Silahlar\u0131yla Teslim Olan 135 Kanun Ka\u00e7a\u011f\u0131 Serbest B\u0131rak\u0131ld\u0131"},"content":{"rendered":"<p>KUNAYTRA \u2013 Ulusal uzla\u015fma \u00e7abalar\u0131 ve 2016\/15 say\u0131l\u0131 af karar\u0131 kapsam\u0131nda bug\u00fcn Kunaytra \u0130linin muhtelif b\u00f6lgelerinden silahlar\u0131yla birlikte teslim olan 135 kanun ka\u00e7a\u011f\u0131n\u0131n kanuni durumlar\u0131 yeniden d\u00fczenlenerek serbest b\u0131rak\u0131ld\u0131lar.<\/p>\n<p>Kunaytra Valisi Ahmet \u015eeyh Abd\u00fclkadir devlete ve halka kar\u015f\u0131 muhtelif nedenlerden dolay\u0131 silah ta\u015f\u0131yan yada olaylar\u0131 bula\u015fan her vatanda\u015f\u0131, teslim olma ve af karar\u0131ndan faydalanmaya \u00e7a\u011f\u0131rd\u0131. Vali Abd\u00fclkadir; \u015fu ana dek muhtelif b\u00f6lgelerde binlerce ki\u015finin bu af karar\u0131ndan faydaland\u0131klar\u0131na ve normal ya\u015famlar\u0131na d\u00f6nd\u00fcklerine dikkat \u00e7ekti.<\/p>\n","protected":false},"excerpt":{"rendered":"<p>KUNAYTRA \u2013 Ulusal uzla\u015fma \u00e7abalar\u0131 ve 2016\/15 say\u0131l\u0131 af karar\u0131 kapsam\u0131nda bug\u00fcn Kunaytra \u0130linin muhtelif b\u00f6lgelerinden silahlar\u0131yla birlikte teslim olan 135 kanun ka\u00e7a\u011f\u0131n\u0131n kanuni durumlar\u0131 yeniden d\u00fczenlenerek serbest b\u0131rak\u0131ld\u0131lar. Kunaytra Valisi Ahmet \u015eeyh Abd\u00fclkadir devlete ve halka kar\u015f\u0131 muhtelif nedenlerden dolay\u0131 silah ta\u015f\u0131yan yada olaylar\u0131 bula\u015fan her vatanda\u015f\u0131, teslim olma ve af karar\u0131ndan faydalanmaya \u00e7a\u011f\u0131rd\u0131. &hellip;<\/p>\n","protected":false},"author":1,"featured_media":83148,"comment_status":"closed","ping_status":"closed","sticky":false,"template":"","format":"standard","meta":{"footnotes":""},"categories":[479,575,17988,478],"tags":[23070],"class_list":["post-83147","post","type-post","status-publish","format-standard","has-post-thumbnail","","category-haberler-yerel","category-olaylar-ve-gercekler","category-son-haberler","category-yerel","tag-silahlariyla-teslim-olan-135-kanun-kacagi-serbest-birakildi"],"_links":{"self":[{"href":"https:\/\/archive.sana.sy\/tr\/index.php?rest_route=\/wp\/v2\/posts\/83147","targetHints":{"allow":["GET"]}}],"collection":[{"href":"https:\/\/archive.sana.sy\/tr\/index.php?rest_route=\/wp\/v2\/posts"}],"about":[{"href":"https:\/\/archive.sana.sy\/tr\/index.php?rest_route=\/wp\/v2\/types\/post"}],"author":[{"embeddable":true,"href":"https:\/\/archive.sana.sy\/tr\/index.php?rest_route=\/wp\/v2\/users\/1"}],"replies":[{"embeddable":true,"href":"https:\/\/archive.sana.sy\/tr\/index.php?rest_route=%2Fwp%2Fv2%2Fcomments&post=83147"}],"version-history":[{"count":0,"href":"https:\/\/archive.sana.sy\/tr\/index.php?rest_route=\/wp\/v2\/posts\/83147\/revisions"}],"wp:featuredmedia":[{"embeddable":true,"href":"https:\/\/archive.sana.sy\/tr\/index.php?rest_route=\/wp\/v2\/media\/83148"}],"wp:attachment":[{"href":"https:\/\/archive.sana.sy\/tr\/index.php?rest_route=%2Fwp%2Fv2%2Fmedia&parent=83147"}],"wp:term":[{"taxonomy":"category","embeddable":true,"href":"https:\/\/archive.sana.sy\/tr\/index.php?rest_route=%2Fwp%2Fv2%2Fcategories&post=83147"},{"taxonomy":"post_tag","embeddable":true,"href":"https:\/\/archive.sana.sy\/tr\/index.php?rest_route=%2Fwp%2Fv2%2Ftags&post=83147"}],"curies":[{"name":"wp","href":"https:\/\/api.w.org\/{rel}","templated":true}]}}