{"id":83241,"date":"2016-08-11T12:50:34","date_gmt":"2016-08-11T09:50:34","guid":{"rendered":"http:\/\/www.sana.sy\/tr\/?p=83241"},"modified":"2016-08-11T12:51:34","modified_gmt":"2016-08-11T09:51:34","slug":"sam-kirsalindaki-polis-akademisinde-ordu-ve-ic-guvenlik-guclerine-destek-baglaminda-kan-bagisi-kampanyasi-baslatildi","status":"publish","type":"post","link":"https:\/\/archive.sana.sy\/tr\/?p=83241","title":{"rendered":"\u015eam k\u0131rsal\u0131ndaki Polis Akademisinde ordu ve i\u00e7 g\u00fcvenlik g\u00fc\u00e7lerine destek ba\u011flam\u0131nda kan ba\u011f\u0131\u015f\u0131 kampanyas\u0131 ba\u015flat\u0131ld\u0131"},"content":{"rendered":"<p>\u015eam k\u0131rsal\u0131ndaki Polis Akademisinde ordu ve i\u00e7 g\u00fcvenlik g\u00fc\u00e7lerine destek ba\u011flam\u0131nda kan ba\u011f\u0131\u015f\u0131 kampanyas\u0131 ba\u015flat\u0131ld\u0131<\/p>\n","protected":false},"excerpt":{"rendered":"<p>\u015eam k\u0131rsal\u0131ndaki Polis Akademisinde ordu ve i\u00e7 g\u00fcvenlik g\u00fc\u00e7lerine destek ba\u011flam\u0131nda kan ba\u011f\u0131\u015f\u0131 kampanyas\u0131 ba\u015flat\u0131ld\u0131<\/p>\n","protected":false},"author":1,"featured_media":83244,"comment_status":"closed","ping_status":"closed","sticky":false,"template":"","format":"standard","meta":{"footnotes":""},"categories":[573],"tags":[23084],"class_list":["post-83241","post","type-post","status-publish","format-standard","has-post-thumbnail","","category-goruntulu-olaylar","tag-sam-kirsalindaki-polis-akademisinde-ordu-ve-ic-guvenlik-guclerine-destek-baglaminda-kan-bagisi-kampanyasi-baslatildi"],"_links":{"self":[{"href":"https:\/\/archive.sana.sy\/tr\/index.php?rest_route=\/wp\/v2\/posts\/83241","targetHints":{"allow":["GET"]}}],"collection":[{"href":"https:\/\/archive.sana.sy\/tr\/index.php?rest_route=\/wp\/v2\/posts"}],"about":[{"href":"https:\/\/archive.sana.sy\/tr\/index.php?rest_route=\/wp\/v2\/types\/post"}],"author":[{"embeddable":true,"href":"https:\/\/archive.sana.sy\/tr\/index.php?rest_route=\/wp\/v2\/users\/1"}],"replies":[{"embeddable":true,"href":"https:\/\/archive.sana.sy\/tr\/index.php?rest_route=%2Fwp%2Fv2%2Fcomments&post=83241"}],"version-history":[{"count":0,"href":"https:\/\/archive.sana.sy\/tr\/index.php?rest_route=\/wp\/v2\/posts\/83241\/revisions"}],"wp:featuredmedia":[{"embeddable":true,"href":"https:\/\/archive.sana.sy\/tr\/index.php?rest_route=\/wp\/v2\/media\/83244"}],"wp:attachment":[{"href":"https:\/\/archive.sana.sy\/tr\/index.php?rest_route=%2Fwp%2Fv2%2Fmedia&parent=83241"}],"wp:term":[{"taxonomy":"category","embeddable":true,"href":"https:\/\/archive.sana.sy\/tr\/index.php?rest_route=%2Fwp%2Fv2%2Fcategories&post=83241"},{"taxonomy":"post_tag","embeddable":true,"href":"https:\/\/archive.sana.sy\/tr\/index.php?rest_route=%2Fwp%2Fv2%2Ftags&post=83241"}],"curies":[{"name":"wp","href":"https:\/\/api.w.org\/{rel}","templated":true}]}}