{"id":83248,"date":"2016-08-10T18:15:39","date_gmt":"2016-08-10T15:15:39","guid":{"rendered":"http:\/\/www.sana.sy\/tr\/?p=83248"},"modified":"2016-08-11T14:21:58","modified_gmt":"2016-08-11T11:21:58","slug":"gida-yardimi-ucagi-kamisli-havaalanina-indi","status":"publish","type":"post","link":"https:\/\/archive.sana.sy\/tr\/?p=83248","title":{"rendered":"G\u0131da Yard\u0131m\u0131 U\u00e7a\u011f\u0131 Kam\u0131\u015fl\u0131 Havaalan\u0131na \u0130ndi"},"content":{"rendered":"<p>HASEKE \u2013 D\u00fcnya G\u0131da Program\u0131 taraf\u0131ndan \u015eam Uluslararas\u0131 Havaalan\u0131 \u00fczerinden kurulan hava koridoru \u00fczerinden g\u00f6nderilen yeni bir g\u0131da yard\u0131m\u0131 u\u00e7a\u011f\u0131 d\u00fcn Kam\u0131\u015fl\u0131 Havaalan\u0131na ini\u015f yapt\u0131.<\/p>\n<p>D\u00fcnya G\u0131da Program\u0131 Kam\u0131\u015fl\u0131 Ofisi M\u00fcd\u00fcr\u00fc Afra Nuh d\u00fcn SANA muhabirine yapt\u0131\u011f\u0131 a\u00e7\u0131klamada u\u00e7akta bulunan yard\u0131m malzemelerinin 1500 paket g\u0131da, 1150 torba bulgur, 1450 torba pirin\u00e7, 300 \u015fi\u015fe ya\u011f ve 1000 adet sa\u011fl\u0131k paketi bulundu\u011funu ifade etti.<\/p>\n<p>F.B. &#8211; R.H.<\/p>\n","protected":false},"excerpt":{"rendered":"<p>HASEKE \u2013 D\u00fcnya G\u0131da Program\u0131 taraf\u0131ndan \u015eam Uluslararas\u0131 Havaalan\u0131 \u00fczerinden kurulan hava koridoru \u00fczerinden g\u00f6nderilen yeni bir g\u0131da yard\u0131m\u0131 u\u00e7a\u011f\u0131 d\u00fcn Kam\u0131\u015fl\u0131 Havaalan\u0131na ini\u015f yapt\u0131. D\u00fcnya G\u0131da Program\u0131 Kam\u0131\u015fl\u0131 Ofisi M\u00fcd\u00fcr\u00fc Afra Nuh d\u00fcn SANA muhabirine yapt\u0131\u011f\u0131 a\u00e7\u0131klamada u\u00e7akta bulunan yard\u0131m malzemelerinin 1500 paket g\u0131da, 1150 torba bulgur, 1450 torba pirin\u00e7, 300 \u015fi\u015fe ya\u011f ve &hellip;<\/p>\n","protected":false},"author":1,"featured_media":83253,"comment_status":"closed","ping_status":"closed","sticky":false,"template":"","format":"standard","meta":{"footnotes":""},"categories":[479,17988,478],"tags":[23085],"class_list":["post-83248","post","type-post","status-publish","format-standard","has-post-thumbnail","","category-haberler-yerel","category-son-haberler","category-yerel","tag-gida-yardimi-ucagi-kamisli-havaalanina-indi"],"_links":{"self":[{"href":"https:\/\/archive.sana.sy\/tr\/index.php?rest_route=\/wp\/v2\/posts\/83248","targetHints":{"allow":["GET"]}}],"collection":[{"href":"https:\/\/archive.sana.sy\/tr\/index.php?rest_route=\/wp\/v2\/posts"}],"about":[{"href":"https:\/\/archive.sana.sy\/tr\/index.php?rest_route=\/wp\/v2\/types\/post"}],"author":[{"embeddable":true,"href":"https:\/\/archive.sana.sy\/tr\/index.php?rest_route=\/wp\/v2\/users\/1"}],"replies":[{"embeddable":true,"href":"https:\/\/archive.sana.sy\/tr\/index.php?rest_route=%2Fwp%2Fv2%2Fcomments&post=83248"}],"version-history":[{"count":0,"href":"https:\/\/archive.sana.sy\/tr\/index.php?rest_route=\/wp\/v2\/posts\/83248\/revisions"}],"wp:featuredmedia":[{"embeddable":true,"href":"https:\/\/archive.sana.sy\/tr\/index.php?rest_route=\/wp\/v2\/media\/83253"}],"wp:attachment":[{"href":"https:\/\/archive.sana.sy\/tr\/index.php?rest_route=%2Fwp%2Fv2%2Fmedia&parent=83248"}],"wp:term":[{"taxonomy":"category","embeddable":true,"href":"https:\/\/archive.sana.sy\/tr\/index.php?rest_route=%2Fwp%2Fv2%2Fcategories&post=83248"},{"taxonomy":"post_tag","embeddable":true,"href":"https:\/\/archive.sana.sy\/tr\/index.php?rest_route=%2Fwp%2Fv2%2Ftags&post=83248"}],"curies":[{"name":"wp","href":"https:\/\/api.w.org\/{rel}","templated":true}]}}