{"id":83286,"date":"2016-08-11T11:02:09","date_gmt":"2016-08-11T08:02:09","guid":{"rendered":"http:\/\/www.sana.sy\/tr\/?p=83286"},"modified":"2016-08-12T13:41:28","modified_gmt":"2016-08-12T10:41:28","slug":"rusyadan-havalanan-ucaklar-rakkada-isidi-vurdu","status":"publish","type":"post","link":"https:\/\/archive.sana.sy\/tr\/?p=83286","title":{"rendered":"Rusya&#8217;dan Havalanan U\u00e7aklar Rakka\u2019da I\u015e\u0130D\u2019i Vurdu(video)"},"content":{"rendered":"<p>MOSKOVA \u2013 Rusya Savunma Bakanl\u0131\u011f\u0131 bug\u00fcn yay\u0131nlad\u0131\u011f\u0131 b\u00fcltende; Rus Tu-22M3 tipi uzun menzilli 4 bombard\u0131man u\u00e7a\u011f\u0131n\u0131n, Rusya&#8217;dan havalanarak Suriye&#8217;nin Rakka Kentinin g\u00fcneydo\u011fusuna ek olarak il k\u0131rsal\u0131n\u0131n kuzey ve kuzeydo\u011fu b\u00f6lgelerinde I\u015e\u0130D&#8217;in mevki ve siperlerini \u015fiddetli etkiye sahip bombalarla hedef ald\u0131klar\u0131n\u0131 belirtti.<\/p>\n<p>Rus bakanl\u0131k b\u00fclteninde operasyon sonucunda Rakka yak\u0131nlar\u0131ndaki I\u015e\u0130D&#8217;e ait b\u00fcy\u00fck miktarda silah, m\u00fchimmat ve yak\u0131t dolu bir deponun yan\u0131 s\u0131ra kentin kuzeybat\u0131 banliy\u00f6lerinde kimyasal m\u00fchimmat fabrikas\u0131 ve tekfirci ter\u00f6ristlerin e\u011fitildikleri b\u00fcy\u00fck bir e\u011fitim \u00fcss\u00fcn\u00fcn muhtevalar\u0131yla imha edildiklerini a\u00e7\u0131klad\u0131. Operasyonlarda aralar\u0131nda tehlikeli isimlerin bulundu\u011fu y\u00fcksek say\u0131da tekfirci ter\u00f6ristin \u00f6ld\u00fcr\u00fcld\u00fc\u011f\u00fcn\u00fc belirten bakanl\u0131k; Rus u\u00e7aklar\u0131n g\u00f6revlerini ba\u015far\u0131yla tamamlamalar\u0131 ard\u0131ndan sa\u011f salim \u00fcslerine d\u00f6nd\u00fcklerini ifade etti.<\/p>\n<p>https:\/\/www.youtube.com\/watch?v=H-a_aIYYyVM<\/p>\n<p>R.H.<\/p>\n","protected":false},"excerpt":{"rendered":"<p>MOSKOVA \u2013 Rusya Savunma Bakanl\u0131\u011f\u0131 bug\u00fcn yay\u0131nlad\u0131\u011f\u0131 b\u00fcltende; Rus Tu-22M3 tipi uzun menzilli 4 bombard\u0131man u\u00e7a\u011f\u0131n\u0131n, Rusya&#8217;dan havalanarak Suriye&#8217;nin Rakka Kentinin g\u00fcneydo\u011fusuna ek olarak il k\u0131rsal\u0131n\u0131n kuzey ve kuzeydo\u011fu b\u00f6lgelerinde I\u015e\u0130D&#8217;in mevki ve siperlerini \u015fiddetli etkiye sahip bombalarla hedef ald\u0131klar\u0131n\u0131 belirtti. Rus bakanl\u0131k b\u00fclteninde operasyon sonucunda Rakka yak\u0131nlar\u0131ndaki I\u015e\u0130D&#8217;e ait b\u00fcy\u00fck miktarda silah, m\u00fchimmat ve &hellip;<\/p>\n","protected":false},"author":1,"featured_media":83290,"comment_status":"closed","ping_status":"closed","sticky":false,"template":"","format":"standard","meta":{"footnotes":""},"categories":[458,459,575,17988],"tags":[18237,18576,17628,2318,2493,18586,19043,17320],"class_list":["post-83286","post","type-post","status-publish","format-standard","has-post-thumbnail","","category-dunya1","category-haberler-arap-uluslararasi-politika","category-olaylar-ve-gercekler","category-son-haberler","tag-cihatcilar","tag-daes","tag-hava-gucleri","tag-isid","tag-rakka","tag-rus-ucaklar","tag-suriyede-son-durum","tag-tekfirciler"],"_links":{"self":[{"href":"https:\/\/archive.sana.sy\/tr\/index.php?rest_route=\/wp\/v2\/posts\/83286","targetHints":{"allow":["GET"]}}],"collection":[{"href":"https:\/\/archive.sana.sy\/tr\/index.php?rest_route=\/wp\/v2\/posts"}],"about":[{"href":"https:\/\/archive.sana.sy\/tr\/index.php?rest_route=\/wp\/v2\/types\/post"}],"author":[{"embeddable":true,"href":"https:\/\/archive.sana.sy\/tr\/index.php?rest_route=\/wp\/v2\/users\/1"}],"replies":[{"embeddable":true,"href":"https:\/\/archive.sana.sy\/tr\/index.php?rest_route=%2Fwp%2Fv2%2Fcomments&post=83286"}],"version-history":[{"count":0,"href":"https:\/\/archive.sana.sy\/tr\/index.php?rest_route=\/wp\/v2\/posts\/83286\/revisions"}],"wp:featuredmedia":[{"embeddable":true,"href":"https:\/\/archive.sana.sy\/tr\/index.php?rest_route=\/wp\/v2\/media\/83290"}],"wp:attachment":[{"href":"https:\/\/archive.sana.sy\/tr\/index.php?rest_route=%2Fwp%2Fv2%2Fmedia&parent=83286"}],"wp:term":[{"taxonomy":"category","embeddable":true,"href":"https:\/\/archive.sana.sy\/tr\/index.php?rest_route=%2Fwp%2Fv2%2Fcategories&post=83286"},{"taxonomy":"post_tag","embeddable":true,"href":"https:\/\/archive.sana.sy\/tr\/index.php?rest_route=%2Fwp%2Fv2%2Ftags&post=83286"}],"curies":[{"name":"wp","href":"https:\/\/api.w.org\/{rel}","templated":true}]}}