{"id":83301,"date":"2016-08-11T09:10:09","date_gmt":"2016-08-11T06:10:09","guid":{"rendered":"http:\/\/www.sana.sy\/tr\/?p=83301"},"modified":"2016-08-11T15:39:55","modified_gmt":"2016-08-11T12:39:55","slug":"ordu-birliklerimizin-dun-gece-saatlerinde-tekfirci-teroristlerin-halepin-guneyinde-bircok-eksenden-bulunduklari-genis-kapsamli-saldiriyi-basariyla-cokerttiklerini-belirten-kaynak-catismalard","status":"publish","type":"post","link":"https:\/\/archive.sana.sy\/tr\/?p=83301","title":{"rendered":"Ordu birliklerimizin d\u00fcn gece saatlerinde tekfirci ter\u00f6ristlerin Halep\u2019in g\u00fcneyinde bir\u00e7ok eksenden bulunduklar\u0131 geni\u015f kapsaml\u0131 sald\u0131r\u0131y\u0131 ba\u015far\u0131yla \u00e7\u00f6kerttiklerini belirten kaynak, \u00e7at\u0131\u015fmalarda aralar\u0131nda saha komutanlar\u0131n\u0131n bulundu\u011fu \u00e7ok say\u0131da ter\u00f6ristin \u00f6ld\u00fcr\u00fcld\u00fc\u011f\u00fcn\u00fc ifade etti"},"content":{"rendered":"<p>Ordu birliklerimizin d\u00fcn gece saatlerinde tekfirci ter\u00f6ristlerin Halep\u2019in g\u00fcneyinde bir\u00e7ok eksenden bulunduklar\u0131 geni\u015f kapsaml\u0131 sald\u0131r\u0131y\u0131 ba\u015far\u0131yla \u00e7\u00f6kerttiklerini belirten kaynak, \u00e7at\u0131\u015fmalarda aralar\u0131nda saha komutanlar\u0131n\u0131n bulundu\u011fu \u00e7ok say\u0131da ter\u00f6ristin \u00f6ld\u00fcr\u00fcld\u00fc\u011f\u00fcn\u00fc ifade etti<\/p>\n","protected":false},"excerpt":{"rendered":"<p>Ordu birliklerimizin d\u00fcn gece saatlerinde tekfirci ter\u00f6ristlerin Halep\u2019in g\u00fcneyinde bir\u00e7ok eksenden bulunduklar\u0131 geni\u015f kapsaml\u0131 sald\u0131r\u0131y\u0131 ba\u015far\u0131yla \u00e7\u00f6kerttiklerini belirten kaynak, \u00e7at\u0131\u015fmalarda aralar\u0131nda saha komutanlar\u0131n\u0131n bulundu\u011fu \u00e7ok say\u0131da ter\u00f6ristin \u00f6ld\u00fcr\u00fcld\u00fc\u011f\u00fcn\u00fc ifade etti<\/p>\n","protected":false},"author":1,"featured_media":0,"comment_status":"closed","ping_status":"closed","sticky":false,"template":"","format":"standard","meta":{"footnotes":""},"categories":[17991],"tags":[],"class_list":["post-83301","post","type-post","status-publish","format-standard","","category-son-dakika"],"_links":{"self":[{"href":"https:\/\/archive.sana.sy\/tr\/index.php?rest_route=\/wp\/v2\/posts\/83301","targetHints":{"allow":["GET"]}}],"collection":[{"href":"https:\/\/archive.sana.sy\/tr\/index.php?rest_route=\/wp\/v2\/posts"}],"about":[{"href":"https:\/\/archive.sana.sy\/tr\/index.php?rest_route=\/wp\/v2\/types\/post"}],"author":[{"embeddable":true,"href":"https:\/\/archive.sana.sy\/tr\/index.php?rest_route=\/wp\/v2\/users\/1"}],"replies":[{"embeddable":true,"href":"https:\/\/archive.sana.sy\/tr\/index.php?rest_route=%2Fwp%2Fv2%2Fcomments&post=83301"}],"version-history":[{"count":0,"href":"https:\/\/archive.sana.sy\/tr\/index.php?rest_route=\/wp\/v2\/posts\/83301\/revisions"}],"wp:attachment":[{"href":"https:\/\/archive.sana.sy\/tr\/index.php?rest_route=%2Fwp%2Fv2%2Fmedia&parent=83301"}],"wp:term":[{"taxonomy":"category","embeddable":true,"href":"https:\/\/archive.sana.sy\/tr\/index.php?rest_route=%2Fwp%2Fv2%2Fcategories&post=83301"},{"taxonomy":"post_tag","embeddable":true,"href":"https:\/\/archive.sana.sy\/tr\/index.php?rest_route=%2Fwp%2Fv2%2Ftags&post=83301"}],"curies":[{"name":"wp","href":"https:\/\/api.w.org\/{rel}","templated":true}]}}