{"id":83304,"date":"2016-08-11T09:15:08","date_gmt":"2016-08-11T06:15:08","guid":{"rendered":"http:\/\/www.sana.sy\/tr\/?p=83304"},"modified":"2016-08-11T15:40:53","modified_gmt":"2016-08-11T12:40:53","slug":"teror-orgutleri-medya-araclarinda-ceysul-mucahidin-mucahitler-ordusu-adli-tekfirci-cetelerin-sozde-askeri-komutani-olan-yusuf-zevia-ve-daha-bircok-azili-teroristin-oldugunu-itiraf","status":"publish","type":"post","link":"https:\/\/archive.sana.sy\/tr\/?p=83304","title":{"rendered":"Ter\u00f6r \u00f6rg\u00fctleri medya ara\u00e7lar\u0131nda \u2018Cey\u015ful M\u00fccahidin\u2019 (M\u00fccahitler Ordusu) adl\u0131 tekfirci \u00e7etelerin s\u00f6zde askeri komutan\u0131 olan Yusuf Zevia ve daha bir\u00e7ok az\u0131l\u0131 ter\u00f6ristin \u00f6ld\u00fc\u011f\u00fcn\u00fc itiraf ettiler"},"content":{"rendered":"<p>Ter\u00f6r \u00f6rg\u00fctleri medya ara\u00e7lar\u0131nda \u2018Cey\u015ful M\u00fccahidin\u2019 (M\u00fccahitler Ordusu) adl\u0131 tekfirci \u00e7etelerin s\u00f6zde askeri komutan\u0131 olan Yusuf Zevia ve daha bir\u00e7ok az\u0131l\u0131 ter\u00f6ristin \u00f6ld\u00fc\u011f\u00fcn\u00fc itiraf ettiler<\/p>\n","protected":false},"excerpt":{"rendered":"<p>Ter\u00f6r \u00f6rg\u00fctleri medya ara\u00e7lar\u0131nda \u2018Cey\u015ful M\u00fccahidin\u2019 (M\u00fccahitler Ordusu) adl\u0131 tekfirci \u00e7etelerin s\u00f6zde askeri komutan\u0131 olan Yusuf Zevia ve daha bir\u00e7ok az\u0131l\u0131 ter\u00f6ristin \u00f6ld\u00fc\u011f\u00fcn\u00fc itiraf ettiler<\/p>\n","protected":false},"author":1,"featured_media":0,"comment_status":"closed","ping_status":"closed","sticky":false,"template":"","format":"standard","meta":{"footnotes":""},"categories":[17991],"tags":[],"class_list":["post-83304","post","type-post","status-publish","format-standard","","category-son-dakika"],"_links":{"self":[{"href":"https:\/\/archive.sana.sy\/tr\/index.php?rest_route=\/wp\/v2\/posts\/83304","targetHints":{"allow":["GET"]}}],"collection":[{"href":"https:\/\/archive.sana.sy\/tr\/index.php?rest_route=\/wp\/v2\/posts"}],"about":[{"href":"https:\/\/archive.sana.sy\/tr\/index.php?rest_route=\/wp\/v2\/types\/post"}],"author":[{"embeddable":true,"href":"https:\/\/archive.sana.sy\/tr\/index.php?rest_route=\/wp\/v2\/users\/1"}],"replies":[{"embeddable":true,"href":"https:\/\/archive.sana.sy\/tr\/index.php?rest_route=%2Fwp%2Fv2%2Fcomments&post=83304"}],"version-history":[{"count":0,"href":"https:\/\/archive.sana.sy\/tr\/index.php?rest_route=\/wp\/v2\/posts\/83304\/revisions"}],"wp:attachment":[{"href":"https:\/\/archive.sana.sy\/tr\/index.php?rest_route=%2Fwp%2Fv2%2Fmedia&parent=83304"}],"wp:term":[{"taxonomy":"category","embeddable":true,"href":"https:\/\/archive.sana.sy\/tr\/index.php?rest_route=%2Fwp%2Fv2%2Fcategories&post=83304"},{"taxonomy":"post_tag","embeddable":true,"href":"https:\/\/archive.sana.sy\/tr\/index.php?rest_route=%2Fwp%2Fv2%2Ftags&post=83304"}],"curies":[{"name":"wp","href":"https:\/\/api.w.org\/{rel}","templated":true}]}}