{"id":83308,"date":"2016-08-11T10:30:07","date_gmt":"2016-08-11T07:30:07","guid":{"rendered":"http:\/\/www.sana.sy\/tr\/?p=83308"},"modified":"2016-08-12T12:52:29","modified_gmt":"2016-08-12T09:52:29","slug":"koyu-terorden-temizleyip-ahalisinin-guvenligini-sagladi-video","status":"publish","type":"post","link":"https:\/\/archive.sana.sy\/tr\/?p=83308","title":{"rendered":"K\u00f6y\u00fc Ter\u00f6rden Temizleyip Ahalisinin G\u00fcvenli\u011fini Sa\u011flad\u0131 (video)"},"content":{"rendered":"<p>HAMA \u2013 Ordu birliklerimiz Hama k\u0131rsal\u0131n\u0131n do\u011fusunda Kebbasin K\u00f6y\u00fcn\u00fc ter\u00f6rden temizleyip ahalisinin can ve mal g\u00fcvenli\u011fini sa\u011flad\u0131.<br \/>\nAskeri kaynak ordu birliklerimizin \u00e7ok say\u0131da ter\u00f6risti a\u011f\u0131r silahlarla donat\u0131lm\u0131\u015f ara\u00e7lar\u0131 ve cephaneleri ile etkisizle\u015ftirmeleri ard\u0131ndan k\u00f6yde arama tarama hamlesi ba\u015flat\u0131p, \u00f6zel ve kamu m\u00fclklere yerle\u015ftirdikleri bubi tuzaklar\u0131n\u0131 etkisizle\u015ftirdiklerini s\u00f6yledi.<br \/>\nK\u00f6y sakinleri ordu birliklerimizin kendilerini ter\u00f6rden kurtarmalar\u0131yla sevin\u00e7lerini ifade ederken, ter\u00f6r \u00e7etelerinin vah\u015fetlerine dikkat \u00e7ektiler.<\/p>\n<p>https:\/\/www.youtube.com\/watch?time_continue=21&#038;v=rrSTWdLCgks<\/p>\n","protected":false},"excerpt":{"rendered":"<p>HAMA \u2013 Ordu birliklerimiz Hama k\u0131rsal\u0131n\u0131n do\u011fusunda Kebbasin K\u00f6y\u00fcn\u00fc ter\u00f6rden temizleyip ahalisinin can ve mal g\u00fcvenli\u011fini sa\u011flad\u0131. Askeri kaynak ordu birliklerimizin \u00e7ok say\u0131da ter\u00f6risti a\u011f\u0131r silahlarla donat\u0131lm\u0131\u015f ara\u00e7lar\u0131 ve cephaneleri ile etkisizle\u015ftirmeleri ard\u0131ndan k\u00f6yde arama tarama hamlesi ba\u015flat\u0131p, \u00f6zel ve kamu m\u00fclklere yerle\u015ftirdikleri bubi tuzaklar\u0131n\u0131 etkisizle\u015ftirdiklerini s\u00f6yledi. K\u00f6y sakinleri ordu birliklerimizin kendilerini ter\u00f6rden kurtarmalar\u0131yla sevin\u00e7lerini &hellip;<\/p>\n","protected":false},"author":1,"featured_media":83310,"comment_status":"closed","ping_status":"closed","sticky":false,"template":"","format":"standard","meta":{"footnotes":""},"categories":[479,575,17988,478],"tags":[18237,18576,2318,15945,23098,11549,19043,22182,17320],"class_list":["post-83308","post","type-post","status-publish","format-standard","has-post-thumbnail","","category-haberler-yerel","category-olaylar-ve-gercekler","category-son-haberler","category-yerel","tag-cihatcilar","tag-daes","tag-isid","tag-ilimli-muhalifler","tag-koyu-terorden-temizleyip-ahalisinin-guvenligini-sagladi","tag-suriye-ordusu","tag-suriyede-son-durum","tag-suriyede-savas","tag-tekfirciler"],"_links":{"self":[{"href":"https:\/\/archive.sana.sy\/tr\/index.php?rest_route=\/wp\/v2\/posts\/83308","targetHints":{"allow":["GET"]}}],"collection":[{"href":"https:\/\/archive.sana.sy\/tr\/index.php?rest_route=\/wp\/v2\/posts"}],"about":[{"href":"https:\/\/archive.sana.sy\/tr\/index.php?rest_route=\/wp\/v2\/types\/post"}],"author":[{"embeddable":true,"href":"https:\/\/archive.sana.sy\/tr\/index.php?rest_route=\/wp\/v2\/users\/1"}],"replies":[{"embeddable":true,"href":"https:\/\/archive.sana.sy\/tr\/index.php?rest_route=%2Fwp%2Fv2%2Fcomments&post=83308"}],"version-history":[{"count":0,"href":"https:\/\/archive.sana.sy\/tr\/index.php?rest_route=\/wp\/v2\/posts\/83308\/revisions"}],"wp:featuredmedia":[{"embeddable":true,"href":"https:\/\/archive.sana.sy\/tr\/index.php?rest_route=\/wp\/v2\/media\/83310"}],"wp:attachment":[{"href":"https:\/\/archive.sana.sy\/tr\/index.php?rest_route=%2Fwp%2Fv2%2Fmedia&parent=83308"}],"wp:term":[{"taxonomy":"category","embeddable":true,"href":"https:\/\/archive.sana.sy\/tr\/index.php?rest_route=%2Fwp%2Fv2%2Fcategories&post=83308"},{"taxonomy":"post_tag","embeddable":true,"href":"https:\/\/archive.sana.sy\/tr\/index.php?rest_route=%2Fwp%2Fv2%2Ftags&post=83308"}],"curies":[{"name":"wp","href":"https:\/\/api.w.org\/{rel}","templated":true}]}}