{"id":83490,"date":"2016-08-13T13:08:43","date_gmt":"2016-08-13T10:08:43","guid":{"rendered":"http:\/\/www.sana.sy\/tr\/?p=83490"},"modified":"2016-08-15T10:53:31","modified_gmt":"2016-08-15T07:53:31","slug":"havs-nasri-suriye-ordusunun-kontrolunde","status":"publish","type":"post","link":"https:\/\/archive.sana.sy\/tr\/?p=83490","title":{"rendered":"Hav\u015f Nasri Suriye Ordusunun Kontrol\u00fcnde"},"content":{"rendered":"<p>Ordu birliklerimiz \u015eam k\u0131rsal\u0131 Do\u011fu \u011euta\u2019n\u0131n derinliklerinde Hav\u015f Nasri Beldesinde \u00e7ok say\u0131da ter\u00f6risti \u00f6l\u00fc, yaral\u0131 ve bir k\u0131sm\u0131n\u0131 da sa\u011f ele ge\u00e7irmeleri ard\u0131ndan beldeyi kontrol\u00fcne ge\u00e7irerek ahalisinin can ve mal g\u00fcvenli\u011fini sa\u011flad\u0131.<\/p>\n<p>Askeri kaynak bomba imha ekiplerinin beldede arama tarama operasyonu ba\u015flatarak tekfirci katillerin \u00f6zel ve kamu m\u00fclklere yerle\u015ftirdikleri bomba d\u00fczeneklerini etkisizle\u015ftirdiklerini aktard\u0131.<\/p>\n<p>https:\/\/www.youtube.com\/watch?v=LYw_e_gMr-Y<\/p>\n","protected":false},"excerpt":{"rendered":"<p>Ordu birliklerimiz \u015eam k\u0131rsal\u0131 Do\u011fu \u011euta\u2019n\u0131n derinliklerinde Hav\u015f Nasri Beldesinde \u00e7ok say\u0131da ter\u00f6risti \u00f6l\u00fc, yaral\u0131 ve bir k\u0131sm\u0131n\u0131 da sa\u011f ele ge\u00e7irmeleri ard\u0131ndan beldeyi kontrol\u00fcne ge\u00e7irerek ahalisinin can ve mal g\u00fcvenli\u011fini sa\u011flad\u0131. Askeri kaynak bomba imha ekiplerinin beldede arama tarama operasyonu ba\u015flatarak tekfirci katillerin \u00f6zel ve kamu m\u00fclklere yerle\u015ftirdikleri bomba d\u00fczeneklerini etkisizle\u015ftirdiklerini aktard\u0131. https:\/\/www.youtube.com\/watch?v=LYw_e_gMr-Y<\/p>\n","protected":false},"author":1,"featured_media":83499,"comment_status":"closed","ping_status":"closed","sticky":false,"template":"","format":"standard","meta":{"footnotes":""},"categories":[575,18295,17988],"tags":[21046,18237,17322,13459,11549],"class_list":["post-83490","post","type-post","status-publish","format-standard","has-post-thumbnail","","category-olaylar-ve-gercekler","category-sana-video","category-son-haberler","tag-ceysul-islam","tag-cihatcilar","tag-dogu-guta","tag-islam-ordusu","tag-suriye-ordusu"],"_links":{"self":[{"href":"https:\/\/archive.sana.sy\/tr\/index.php?rest_route=\/wp\/v2\/posts\/83490","targetHints":{"allow":["GET"]}}],"collection":[{"href":"https:\/\/archive.sana.sy\/tr\/index.php?rest_route=\/wp\/v2\/posts"}],"about":[{"href":"https:\/\/archive.sana.sy\/tr\/index.php?rest_route=\/wp\/v2\/types\/post"}],"author":[{"embeddable":true,"href":"https:\/\/archive.sana.sy\/tr\/index.php?rest_route=\/wp\/v2\/users\/1"}],"replies":[{"embeddable":true,"href":"https:\/\/archive.sana.sy\/tr\/index.php?rest_route=%2Fwp%2Fv2%2Fcomments&post=83490"}],"version-history":[{"count":0,"href":"https:\/\/archive.sana.sy\/tr\/index.php?rest_route=\/wp\/v2\/posts\/83490\/revisions"}],"wp:featuredmedia":[{"embeddable":true,"href":"https:\/\/archive.sana.sy\/tr\/index.php?rest_route=\/wp\/v2\/media\/83499"}],"wp:attachment":[{"href":"https:\/\/archive.sana.sy\/tr\/index.php?rest_route=%2Fwp%2Fv2%2Fmedia&parent=83490"}],"wp:term":[{"taxonomy":"category","embeddable":true,"href":"https:\/\/archive.sana.sy\/tr\/index.php?rest_route=%2Fwp%2Fv2%2Fcategories&post=83490"},{"taxonomy":"post_tag","embeddable":true,"href":"https:\/\/archive.sana.sy\/tr\/index.php?rest_route=%2Fwp%2Fv2%2Ftags&post=83490"}],"curies":[{"name":"wp","href":"https:\/\/api.w.org\/{rel}","templated":true}]}}