{"id":83498,"date":"2016-08-13T09:04:53","date_gmt":"2016-08-13T06:04:53","guid":{"rendered":"http:\/\/www.sana.sy\/tr\/?p=83498"},"modified":"2016-08-13T13:26:29","modified_gmt":"2016-08-13T10:26:29","slug":"askeri-kaynak-ordu-birliklerimizin-derada-isgalci-israilden-destek-alan-nusra-cephesi-ve-muttefikleri-diger-teror-gruplara-karsi-operasyonlari-kapsaminda-dera-beled-ve-dera-mahatta-b","status":"publish","type":"post","link":"https:\/\/archive.sana.sy\/tr\/?p=83498","title":{"rendered":"Askeri kaynak ordu birliklerimizin Dera\u2019da i\u015fgalci \u0130srail\u2019den destek alan Nusra Cephesi ve m\u00fcttefikleri di\u011fer ter\u00f6r gruplara kar\u015f\u0131 operasyonlar\u0131 kapsam\u0131nda Dera Beled ve Dera Mahatta b\u00f6lgelerinde komuta karargahlar\u0131 ve hareketlenmelerini nitelikli operasyonlarla hedef ald\u0131."},"content":{"rendered":"<p>Askeri kaynak ordu birliklerimizin Dera\u2019da i\u015fgalci \u0130srail\u2019den destek alan Nusra Cephesi ve m\u00fcttefikleri di\u011fer ter\u00f6r gruplara kar\u015f\u0131 operasyonlar\u0131 kapsam\u0131nda Dera Beled ve Dera Mahatta b\u00f6lgelerinde komuta karargahlar\u0131 ve hareketlenmelerini nitelikli operasyonlarla hedef ald\u0131.<\/p>\n","protected":false},"excerpt":{"rendered":"<p>Askeri kaynak ordu birliklerimizin Dera\u2019da i\u015fgalci \u0130srail\u2019den destek alan Nusra Cephesi ve m\u00fcttefikleri di\u011fer ter\u00f6r gruplara kar\u015f\u0131 operasyonlar\u0131 kapsam\u0131nda Dera Beled ve Dera Mahatta b\u00f6lgelerinde komuta karargahlar\u0131 ve hareketlenmelerini nitelikli operasyonlarla hedef ald\u0131.<\/p>\n","protected":false},"author":1,"featured_media":0,"comment_status":"closed","ping_status":"closed","sticky":false,"template":"","format":"standard","meta":{"footnotes":""},"categories":[17991],"tags":[],"class_list":["post-83498","post","type-post","status-publish","format-standard","","category-son-dakika"],"_links":{"self":[{"href":"https:\/\/archive.sana.sy\/tr\/index.php?rest_route=\/wp\/v2\/posts\/83498","targetHints":{"allow":["GET"]}}],"collection":[{"href":"https:\/\/archive.sana.sy\/tr\/index.php?rest_route=\/wp\/v2\/posts"}],"about":[{"href":"https:\/\/archive.sana.sy\/tr\/index.php?rest_route=\/wp\/v2\/types\/post"}],"author":[{"embeddable":true,"href":"https:\/\/archive.sana.sy\/tr\/index.php?rest_route=\/wp\/v2\/users\/1"}],"replies":[{"embeddable":true,"href":"https:\/\/archive.sana.sy\/tr\/index.php?rest_route=%2Fwp%2Fv2%2Fcomments&post=83498"}],"version-history":[{"count":0,"href":"https:\/\/archive.sana.sy\/tr\/index.php?rest_route=\/wp\/v2\/posts\/83498\/revisions"}],"wp:attachment":[{"href":"https:\/\/archive.sana.sy\/tr\/index.php?rest_route=%2Fwp%2Fv2%2Fmedia&parent=83498"}],"wp:term":[{"taxonomy":"category","embeddable":true,"href":"https:\/\/archive.sana.sy\/tr\/index.php?rest_route=%2Fwp%2Fv2%2Fcategories&post=83498"},{"taxonomy":"post_tag","embeddable":true,"href":"https:\/\/archive.sana.sy\/tr\/index.php?rest_route=%2Fwp%2Fv2%2Ftags&post=83498"}],"curies":[{"name":"wp","href":"https:\/\/api.w.org\/{rel}","templated":true}]}}