{"id":83512,"date":"2016-08-13T14:35:50","date_gmt":"2016-08-13T11:35:50","guid":{"rendered":"http:\/\/www.sana.sy\/tr\/?p=83512"},"modified":"2016-08-15T10:53:40","modified_gmt":"2016-08-15T07:53:40","slug":"rus-yardimlar-teror-magdurlarina-dagitildi","status":"publish","type":"post","link":"https:\/\/archive.sana.sy\/tr\/?p=83512","title":{"rendered":"Rus Yard\u0131mlar Ter\u00f6r Ma\u011fdurlar\u0131na Da\u011f\u0131t\u0131ld\u0131(video)"},"content":{"rendered":"<p>\u015eAM KIRSALI \u2013 Rusya\u2019n\u0131n g\u00f6nderdi\u011fi insani yard\u0131mlar\u0131n bir partisi ter\u00f6r eylemleri nedeniyle tehcir edilen ve \u015eam k\u0131rsal\u0131n\u0131n g\u00fcneyi Sahnaya B\u00f6lgesinde ge\u00e7ici ikamet merkezlerinde bulunan ter\u00f6r ma\u011fdurlar\u0131na da\u011f\u0131t\u0131ld\u0131.<\/p>\n<p>Lazkiye k\u0131rsal\u0131 Hmeymim \u00dcss\u00fcnde Rus Koordinasyon Merkezi Temsilcisi Albay Artom Kazankov yard\u0131mlar\u0131n da\u011f\u0131t\u0131lmas\u0131n\u0131 denetlerken bas\u0131na yapt\u0131\u011f\u0131 a\u00e7\u0131klamada; bug\u00fcn da\u011f\u0131t\u0131lan insani yard\u0131mlar\u0131n et ve bal\u0131k konservelerinin yan\u0131 s\u0131ra \u015feker ve pirin\u00e7ten ibaret 4,5 ton g\u0131da yard\u0131m\u0131 oldu\u011funu a\u00e7\u0131klad\u0131.<\/p>\n<div id='gallery-1' class='gallery galleryid-83512 gallery-columns-3 gallery-size-thumbnail'><figure class='gallery-item'>\n\t\t\t<div class='gallery-icon landscape'>\n\t\t\t\t<a href='https:\/\/archive.sana.sy\/tr\/wp-content\/uploads\/2016\/08\/7-13.jpg'><img loading=\"lazy\" decoding=\"async\" width=\"150\" height=\"105\" src=\"https:\/\/archive.sana.sy\/tr\/wp-content\/uploads\/2016\/08\/7-13-150x105.jpg\" class=\"attachment-thumbnail size-thumbnail\" alt=\"\" srcset=\"https:\/\/archive.sana.sy\/tr\/wp-content\/uploads\/2016\/08\/7-13-150x105.jpg 150w, https:\/\/archive.sana.sy\/tr\/wp-content\/uploads\/2016\/08\/7-13-300x211.jpg 300w, https:\/\/archive.sana.sy\/tr\/wp-content\/uploads\/2016\/08\/7-13-768x539.jpg 768w, https:\/\/archive.sana.sy\/tr\/wp-content\/uploads\/2016\/08\/7-13-1024x719.jpg 1024w\" sizes=\"auto, (max-width: 150px) 100vw, 150px\" \/><\/a>\n\t\t\t<\/div><\/figure><figure class='gallery-item'>\n\t\t\t<div class='gallery-icon landscape'>\n\t\t\t\t<a href='https:\/\/archive.sana.sy\/tr\/wp-content\/uploads\/2016\/08\/2-40.jpg'><img loading=\"lazy\" decoding=\"async\" width=\"150\" height=\"102\" src=\"https:\/\/archive.sana.sy\/tr\/wp-content\/uploads\/2016\/08\/2-40-150x102.jpg\" class=\"attachment-thumbnail size-thumbnail\" alt=\"\" srcset=\"https:\/\/archive.sana.sy\/tr\/wp-content\/uploads\/2016\/08\/2-40-150x102.jpg 150w, https:\/\/archive.sana.sy\/tr\/wp-content\/uploads\/2016\/08\/2-40-300x203.jpg 300w, https:\/\/archive.sana.sy\/tr\/wp-content\/uploads\/2016\/08\/2-40-768x520.jpg 768w, https:\/\/archive.sana.sy\/tr\/wp-content\/uploads\/2016\/08\/2-40-1024x693.jpg 1024w, https:\/\/archive.sana.sy\/tr\/wp-content\/uploads\/2016\/08\/2-40-110x75.jpg 110w\" sizes=\"auto, (max-width: 150px) 100vw, 150px\" \/><\/a>\n\t\t\t<\/div><\/figure><figure class='gallery-item'>\n\t\t\t<div class='gallery-icon landscape'>\n\t\t\t\t<a href='https:\/\/archive.sana.sy\/tr\/wp-content\/uploads\/2016\/08\/4-29.jpg'><img loading=\"lazy\" decoding=\"async\" width=\"150\" height=\"100\" src=\"https:\/\/archive.sana.sy\/tr\/wp-content\/uploads\/2016\/08\/4-29-150x100.jpg\" class=\"attachment-thumbnail size-thumbnail\" alt=\"\" srcset=\"https:\/\/archive.sana.sy\/tr\/wp-content\/uploads\/2016\/08\/4-29-150x100.jpg 150w, https:\/\/archive.sana.sy\/tr\/wp-content\/uploads\/2016\/08\/4-29-300x200.jpg 300w, https:\/\/archive.sana.sy\/tr\/wp-content\/uploads\/2016\/08\/4-29-768x511.jpg 768w, https:\/\/archive.sana.sy\/tr\/wp-content\/uploads\/2016\/08\/4-29-1024x681.jpg 1024w, https:\/\/archive.sana.sy\/tr\/wp-content\/uploads\/2016\/08\/4-29-310x205.jpg 310w\" sizes=\"auto, (max-width: 150px) 100vw, 150px\" \/><\/a>\n\t\t\t<\/div><\/figure><figure class='gallery-item'>\n\t\t\t<div class='gallery-icon landscape'>\n\t\t\t\t<a href='https:\/\/archive.sana.sy\/tr\/wp-content\/uploads\/2016\/08\/5-28.jpg'><img loading=\"lazy\" decoding=\"async\" width=\"150\" height=\"99\" src=\"https:\/\/archive.sana.sy\/tr\/wp-content\/uploads\/2016\/08\/5-28-150x99.jpg\" class=\"attachment-thumbnail size-thumbnail\" alt=\"\" srcset=\"https:\/\/archive.sana.sy\/tr\/wp-content\/uploads\/2016\/08\/5-28-150x99.jpg 150w, https:\/\/archive.sana.sy\/tr\/wp-content\/uploads\/2016\/08\/5-28-300x199.jpg 300w, https:\/\/archive.sana.sy\/tr\/wp-content\/uploads\/2016\/08\/5-28-768x509.jpg 768w, https:\/\/archive.sana.sy\/tr\/wp-content\/uploads\/2016\/08\/5-28-1024x679.jpg 1024w, https:\/\/archive.sana.sy\/tr\/wp-content\/uploads\/2016\/08\/5-28-310x205.jpg 310w\" sizes=\"auto, (max-width: 150px) 100vw, 150px\" \/><\/a>\n\t\t\t<\/div><\/figure><figure class='gallery-item'>\n\t\t\t<div class='gallery-icon landscape'>\n\t\t\t\t<a href='https:\/\/archive.sana.sy\/tr\/wp-content\/uploads\/2016\/08\/6-19.jpg'><img loading=\"lazy\" decoding=\"async\" width=\"150\" height=\"100\" src=\"https:\/\/archive.sana.sy\/tr\/wp-content\/uploads\/2016\/08\/6-19-150x100.jpg\" class=\"attachment-thumbnail size-thumbnail\" alt=\"\" srcset=\"https:\/\/archive.sana.sy\/tr\/wp-content\/uploads\/2016\/08\/6-19-150x100.jpg 150w, https:\/\/archive.sana.sy\/tr\/wp-content\/uploads\/2016\/08\/6-19-300x200.jpg 300w, https:\/\/archive.sana.sy\/tr\/wp-content\/uploads\/2016\/08\/6-19-768x511.jpg 768w, https:\/\/archive.sana.sy\/tr\/wp-content\/uploads\/2016\/08\/6-19-1024x681.jpg 1024w, https:\/\/archive.sana.sy\/tr\/wp-content\/uploads\/2016\/08\/6-19-310x205.jpg 310w\" sizes=\"auto, (max-width: 150px) 100vw, 150px\" \/><\/a>\n\t\t\t<\/div><\/figure>\n\t\t<\/div>\n\n<p>https:\/\/youtu.be\/zF-jqiGsBps<\/p>\n<p>R.H.<\/p>\n","protected":false},"excerpt":{"rendered":"<p>\u015eAM KIRSALI \u2013 Rusya\u2019n\u0131n g\u00f6nderdi\u011fi insani yard\u0131mlar\u0131n bir partisi ter\u00f6r eylemleri nedeniyle tehcir edilen ve \u015eam k\u0131rsal\u0131n\u0131n g\u00fcneyi Sahnaya B\u00f6lgesinde ge\u00e7ici ikamet merkezlerinde bulunan ter\u00f6r ma\u011fdurlar\u0131na da\u011f\u0131t\u0131ld\u0131. Lazkiye k\u0131rsal\u0131 Hmeymim \u00dcss\u00fcnde Rus Koordinasyon Merkezi Temsilcisi Albay Artom Kazankov yard\u0131mlar\u0131n da\u011f\u0131t\u0131lmas\u0131n\u0131 denetlerken bas\u0131na yapt\u0131\u011f\u0131 a\u00e7\u0131klamada; bug\u00fcn da\u011f\u0131t\u0131lan insani yard\u0131mlar\u0131n et ve bal\u0131k konservelerinin yan\u0131 s\u0131ra \u015feker &hellip;<\/p>\n","protected":false},"author":1,"featured_media":83513,"comment_status":"closed","ping_status":"closed","sticky":false,"template":"","format":"standard","meta":{"footnotes":""},"categories":[526,479,17988,525,478],"tags":[18448,23153,19285],"class_list":["post-83512","post","type-post","status-publish","format-standard","has-post-thumbnail","","category-haber-ve-raporlar","category-haberler-yerel","category-son-haberler","category-toplum","category-yerel","tag-insani-yardim","tag-rusyanin-gonderdigi-yardimlar","tag-teror-magdurlari"],"_links":{"self":[{"href":"https:\/\/archive.sana.sy\/tr\/index.php?rest_route=\/wp\/v2\/posts\/83512","targetHints":{"allow":["GET"]}}],"collection":[{"href":"https:\/\/archive.sana.sy\/tr\/index.php?rest_route=\/wp\/v2\/posts"}],"about":[{"href":"https:\/\/archive.sana.sy\/tr\/index.php?rest_route=\/wp\/v2\/types\/post"}],"author":[{"embeddable":true,"href":"https:\/\/archive.sana.sy\/tr\/index.php?rest_route=\/wp\/v2\/users\/1"}],"replies":[{"embeddable":true,"href":"https:\/\/archive.sana.sy\/tr\/index.php?rest_route=%2Fwp%2Fv2%2Fcomments&post=83512"}],"version-history":[{"count":0,"href":"https:\/\/archive.sana.sy\/tr\/index.php?rest_route=\/wp\/v2\/posts\/83512\/revisions"}],"wp:featuredmedia":[{"embeddable":true,"href":"https:\/\/archive.sana.sy\/tr\/index.php?rest_route=\/wp\/v2\/media\/83513"}],"wp:attachment":[{"href":"https:\/\/archive.sana.sy\/tr\/index.php?rest_route=%2Fwp%2Fv2%2Fmedia&parent=83512"}],"wp:term":[{"taxonomy":"category","embeddable":true,"href":"https:\/\/archive.sana.sy\/tr\/index.php?rest_route=%2Fwp%2Fv2%2Fcategories&post=83512"},{"taxonomy":"post_tag","embeddable":true,"href":"https:\/\/archive.sana.sy\/tr\/index.php?rest_route=%2Fwp%2Fv2%2Ftags&post=83512"}],"curies":[{"name":"wp","href":"https:\/\/api.w.org\/{rel}","templated":true}]}}