{"id":83524,"date":"2016-08-13T13:18:09","date_gmt":"2016-08-13T10:18:09","guid":{"rendered":"http:\/\/www.sana.sy\/tr\/?p=83524"},"modified":"2016-08-13T14:41:43","modified_gmt":"2016-08-13T11:41:43","slug":"kaynak-catismalarda-aralarinda-saha-komutanlari-bulunan-tekfircilerin-agir-silahlarla-donatilmis-araclariyla-imha-edilmeleri-ardindan-sag-kalanlarin-kactiklarini-ordu-birliklerimizin-de-onlari-kovala","status":"publish","type":"post","link":"https:\/\/archive.sana.sy\/tr\/?p=83524","title":{"rendered":"Kaynak \u00e7at\u0131\u015fmalarda aralar\u0131nda saha komutanlar\u0131 bulunan tekfircilerin a\u011f\u0131r silahlarla donat\u0131lm\u0131\u015f ara\u00e7lar\u0131yla imha edilmeleri ard\u0131ndan sa\u011f kalanlar\u0131n ka\u00e7t\u0131klar\u0131n\u0131, ordu birliklerimizin de onlar\u0131 kovalama operasyonu ba\u015flatt\u0131klar\u0131n\u0131 ifade etti."},"content":{"rendered":"<p>Kaynak \u00e7at\u0131\u015fmalarda aralar\u0131nda saha komutanlar\u0131 bulunan tekfircilerin a\u011f\u0131r silahlarla donat\u0131lm\u0131\u015f ara\u00e7lar\u0131yla imha edilmeleri ard\u0131ndan sa\u011f kalanlar\u0131n ka\u00e7t\u0131klar\u0131n\u0131, ordu birliklerimizin de onlar\u0131 kovalama operasyonu ba\u015flatt\u0131klar\u0131n\u0131 ifade etti.<\/p>\n","protected":false},"excerpt":{"rendered":"<p>Kaynak \u00e7at\u0131\u015fmalarda aralar\u0131nda saha komutanlar\u0131 bulunan tekfircilerin a\u011f\u0131r silahlarla donat\u0131lm\u0131\u015f ara\u00e7lar\u0131yla imha edilmeleri ard\u0131ndan sa\u011f kalanlar\u0131n ka\u00e7t\u0131klar\u0131n\u0131, ordu birliklerimizin de onlar\u0131 kovalama operasyonu ba\u015flatt\u0131klar\u0131n\u0131 ifade etti.<\/p>\n","protected":false},"author":1,"featured_media":0,"comment_status":"closed","ping_status":"closed","sticky":false,"template":"","format":"standard","meta":{"footnotes":""},"categories":[17991],"tags":[],"class_list":["post-83524","post","type-post","status-publish","format-standard","","category-son-dakika"],"_links":{"self":[{"href":"https:\/\/archive.sana.sy\/tr\/index.php?rest_route=\/wp\/v2\/posts\/83524","targetHints":{"allow":["GET"]}}],"collection":[{"href":"https:\/\/archive.sana.sy\/tr\/index.php?rest_route=\/wp\/v2\/posts"}],"about":[{"href":"https:\/\/archive.sana.sy\/tr\/index.php?rest_route=\/wp\/v2\/types\/post"}],"author":[{"embeddable":true,"href":"https:\/\/archive.sana.sy\/tr\/index.php?rest_route=\/wp\/v2\/users\/1"}],"replies":[{"embeddable":true,"href":"https:\/\/archive.sana.sy\/tr\/index.php?rest_route=%2Fwp%2Fv2%2Fcomments&post=83524"}],"version-history":[{"count":0,"href":"https:\/\/archive.sana.sy\/tr\/index.php?rest_route=\/wp\/v2\/posts\/83524\/revisions"}],"wp:attachment":[{"href":"https:\/\/archive.sana.sy\/tr\/index.php?rest_route=%2Fwp%2Fv2%2Fmedia&parent=83524"}],"wp:term":[{"taxonomy":"category","embeddable":true,"href":"https:\/\/archive.sana.sy\/tr\/index.php?rest_route=%2Fwp%2Fv2%2Fcategories&post=83524"},{"taxonomy":"post_tag","embeddable":true,"href":"https:\/\/archive.sana.sy\/tr\/index.php?rest_route=%2Fwp%2Fv2%2Ftags&post=83524"}],"curies":[{"name":"wp","href":"https:\/\/api.w.org\/{rel}","templated":true}]}}