{"id":83527,"date":"2016-08-13T14:05:47","date_gmt":"2016-08-13T11:05:47","guid":{"rendered":"http:\/\/www.sana.sy\/tr\/?p=83527"},"modified":"2016-08-13T14:47:33","modified_gmt":"2016-08-13T11:47:33","slug":"halep-emniyet-mudurlugunde-bir-kaynak-sanaya-aciklamasinda-eli-kanli-teror-orgutlerin-halep-kentinin-azamiye-semtini-fuzelerle-gelisiguzel-hedef-aldiklarini-aktarirken-bu-saldirilarda-2-vat","status":"publish","type":"post","link":"https:\/\/archive.sana.sy\/tr\/?p=83527","title":{"rendered":"Halep Emniyet M\u00fcd\u00fcrl\u00fc\u011f\u00fcnde bir kaynak SANA\u2019ya a\u00e7\u0131klamas\u0131nda; eli kanl\u0131 ter\u00f6r \u00f6rg\u00fctlerin Halep Kentinin Azamiye Semtini f\u00fczelerle geli\u015fig\u00fczel hedef ald\u0131klar\u0131n\u0131 aktar\u0131rken, bu sald\u0131r\u0131larda 2 vatanda\u015f\u0131n yaraland\u0131\u011f\u0131n\u0131 belirtti."},"content":{"rendered":"<p>Halep Emniyet M\u00fcd\u00fcrl\u00fc\u011f\u00fcnde bir kaynak SANA\u2019ya a\u00e7\u0131klamas\u0131nda; eli kanl\u0131 ter\u00f6r \u00f6rg\u00fctlerin Halep Kentinin Azamiye Semtini f\u00fczelerle geli\u015fig\u00fczel hedef ald\u0131klar\u0131n\u0131 aktar\u0131rken, bu sald\u0131r\u0131larda 2 vatanda\u015f\u0131n yaraland\u0131\u011f\u0131n\u0131 belirtti.<\/p>\n","protected":false},"excerpt":{"rendered":"<p>Halep Emniyet M\u00fcd\u00fcrl\u00fc\u011f\u00fcnde bir kaynak SANA\u2019ya a\u00e7\u0131klamas\u0131nda; eli kanl\u0131 ter\u00f6r \u00f6rg\u00fctlerin Halep Kentinin Azamiye Semtini f\u00fczelerle geli\u015fig\u00fczel hedef ald\u0131klar\u0131n\u0131 aktar\u0131rken, bu sald\u0131r\u0131larda 2 vatanda\u015f\u0131n yaraland\u0131\u011f\u0131n\u0131 belirtti.<\/p>\n","protected":false},"author":1,"featured_media":0,"comment_status":"closed","ping_status":"closed","sticky":false,"template":"","format":"standard","meta":{"footnotes":""},"categories":[17991],"tags":[],"class_list":["post-83527","post","type-post","status-publish","format-standard","","category-son-dakika"],"_links":{"self":[{"href":"https:\/\/archive.sana.sy\/tr\/index.php?rest_route=\/wp\/v2\/posts\/83527","targetHints":{"allow":["GET"]}}],"collection":[{"href":"https:\/\/archive.sana.sy\/tr\/index.php?rest_route=\/wp\/v2\/posts"}],"about":[{"href":"https:\/\/archive.sana.sy\/tr\/index.php?rest_route=\/wp\/v2\/types\/post"}],"author":[{"embeddable":true,"href":"https:\/\/archive.sana.sy\/tr\/index.php?rest_route=\/wp\/v2\/users\/1"}],"replies":[{"embeddable":true,"href":"https:\/\/archive.sana.sy\/tr\/index.php?rest_route=%2Fwp%2Fv2%2Fcomments&post=83527"}],"version-history":[{"count":0,"href":"https:\/\/archive.sana.sy\/tr\/index.php?rest_route=\/wp\/v2\/posts\/83527\/revisions"}],"wp:attachment":[{"href":"https:\/\/archive.sana.sy\/tr\/index.php?rest_route=%2Fwp%2Fv2%2Fmedia&parent=83527"}],"wp:term":[{"taxonomy":"category","embeddable":true,"href":"https:\/\/archive.sana.sy\/tr\/index.php?rest_route=%2Fwp%2Fv2%2Fcategories&post=83527"},{"taxonomy":"post_tag","embeddable":true,"href":"https:\/\/archive.sana.sy\/tr\/index.php?rest_route=%2Fwp%2Fv2%2Ftags&post=83527"}],"curies":[{"name":"wp","href":"https:\/\/api.w.org\/{rel}","templated":true}]}}