{"id":83528,"date":"2016-08-13T13:23:56","date_gmt":"2016-08-13T10:23:56","guid":{"rendered":"http:\/\/www.sana.sy\/tr\/?p=83528"},"modified":"2016-08-13T14:44:38","modified_gmt":"2016-08-13T11:44:38","slug":"catismalarda-isidli-60tan-fazla-tekfirci-teroristin-olu-yarali-dusurulduklerine-dikkat-ceken-kaynak-oldurulen-tehlikeli-teror-elebaslarinin-aralarinda-isidin-sozde","status":"publish","type":"post","link":"https:\/\/archive.sana.sy\/tr\/?p=83528","title":{"rendered":"\u00c7at\u0131\u015fmalarda I\u015e\u0130D\u2019li 60\u2019tan fazla tekfirci ter\u00f6ristin \u00f6l\u00fc yaral\u0131 d\u00fc\u015f\u00fcr\u00fcld\u00fcklerine dikkat \u00e7eken kaynak; \u00f6ld\u00fcr\u00fclen tehlikeli ter\u00f6r eleba\u015flar\u0131n\u0131n aralar\u0131nda I\u015e\u0130D\u2019in s\u00f6zde \u2018Orta B\u00f6lge Emiri\u2019 say\u0131lan \u2018Ebu T\u00fcrab\u2019 lakapl\u0131 az\u0131l\u0131 ter\u00f6r komutan\u0131n\u0131n bulundu\u011funa dikkat \u00e7ekti."},"content":{"rendered":"<p>\u00c7at\u0131\u015fmalarda I\u015e\u0130D\u2019li 60\u2019tan fazla tekfirci ter\u00f6ristin \u00f6l\u00fc yaral\u0131 d\u00fc\u015f\u00fcr\u00fcld\u00fcklerine dikkat \u00e7eken kaynak; \u00f6ld\u00fcr\u00fclen tehlikeli ter\u00f6r eleba\u015flar\u0131n\u0131n aralar\u0131nda I\u015e\u0130D\u2019in s\u00f6zde \u2018Orta B\u00f6lge Emiri\u2019 say\u0131lan \u2018Ebu T\u00fcrab\u2019 lakapl\u0131 az\u0131l\u0131 ter\u00f6r komutan\u0131n\u0131n bulundu\u011funa dikkat \u00e7ekti.<\/p>\n","protected":false},"excerpt":{"rendered":"<p>\u00c7at\u0131\u015fmalarda I\u015e\u0130D\u2019li 60\u2019tan fazla tekfirci ter\u00f6ristin \u00f6l\u00fc yaral\u0131 d\u00fc\u015f\u00fcr\u00fcld\u00fcklerine dikkat \u00e7eken kaynak; \u00f6ld\u00fcr\u00fclen tehlikeli ter\u00f6r eleba\u015flar\u0131n\u0131n aralar\u0131nda I\u015e\u0130D\u2019in s\u00f6zde \u2018Orta B\u00f6lge Emiri\u2019 say\u0131lan \u2018Ebu T\u00fcrab\u2019 lakapl\u0131 az\u0131l\u0131 ter\u00f6r komutan\u0131n\u0131n bulundu\u011funa dikkat \u00e7ekti.<\/p>\n","protected":false},"author":1,"featured_media":0,"comment_status":"closed","ping_status":"closed","sticky":false,"template":"","format":"standard","meta":{"footnotes":""},"categories":[17991],"tags":[],"class_list":["post-83528","post","type-post","status-publish","format-standard","","category-son-dakika"],"_links":{"self":[{"href":"https:\/\/archive.sana.sy\/tr\/index.php?rest_route=\/wp\/v2\/posts\/83528","targetHints":{"allow":["GET"]}}],"collection":[{"href":"https:\/\/archive.sana.sy\/tr\/index.php?rest_route=\/wp\/v2\/posts"}],"about":[{"href":"https:\/\/archive.sana.sy\/tr\/index.php?rest_route=\/wp\/v2\/types\/post"}],"author":[{"embeddable":true,"href":"https:\/\/archive.sana.sy\/tr\/index.php?rest_route=\/wp\/v2\/users\/1"}],"replies":[{"embeddable":true,"href":"https:\/\/archive.sana.sy\/tr\/index.php?rest_route=%2Fwp%2Fv2%2Fcomments&post=83528"}],"version-history":[{"count":0,"href":"https:\/\/archive.sana.sy\/tr\/index.php?rest_route=\/wp\/v2\/posts\/83528\/revisions"}],"wp:attachment":[{"href":"https:\/\/archive.sana.sy\/tr\/index.php?rest_route=%2Fwp%2Fv2%2Fmedia&parent=83528"}],"wp:term":[{"taxonomy":"category","embeddable":true,"href":"https:\/\/archive.sana.sy\/tr\/index.php?rest_route=%2Fwp%2Fv2%2Fcategories&post=83528"},{"taxonomy":"post_tag","embeddable":true,"href":"https:\/\/archive.sana.sy\/tr\/index.php?rest_route=%2Fwp%2Fv2%2Ftags&post=83528"}],"curies":[{"name":"wp","href":"https:\/\/api.w.org\/{rel}","templated":true}]}}