{"id":83531,"date":"2016-08-13T14:51:53","date_gmt":"2016-08-13T11:51:53","guid":{"rendered":"http:\/\/www.sana.sy\/tr\/?p=83531"},"modified":"2016-08-15T10:53:54","modified_gmt":"2016-08-15T07:53:54","slug":"fuze-saldirilarinda-yine-siviller-kurban-gitti","status":"publish","type":"post","link":"https:\/\/archive.sana.sy\/tr\/?p=83531","title":{"rendered":"F\u00fcze Sald\u0131r\u0131lar\u0131nda Yine Siviller Kurban Gitti"},"content":{"rendered":"<p>\u0130LLER \u2013 D\u0131\u015f g\u00fc\u00e7lerin destek ve talimatlar\u0131yla \u00e7ocuk kad\u0131n demeden sivilleri geli\u015fig\u00fczel sald\u0131r\u0131larla hedef alan ter\u00f6r \u00f6rg\u00fctleri bug\u00fcn de insanl\u0131\u011f\u0131n y\u00fcz karas\u0131 bu ter\u00f6rlerini s\u00fcrd\u00fcrd\u00fcler.<\/p>\n<p><span style=\"color: #0000ff\">HALEP:<\/span><\/p>\n<p>Halep Emniyet M\u00fcd\u00fcrl\u00fc\u011f\u00fcnde bir kaynak SANA\u2019ya a\u00e7\u0131klamas\u0131nda; eli kanl\u0131 ter\u00f6r \u00f6rg\u00fctlerin Halep Kentinin Azamiye Semtini f\u00fczelerle geli\u015fig\u00fczel hedef ald\u0131klar\u0131n\u0131 aktar\u0131rken, bu sald\u0131r\u0131larda 2 vatanda\u015f\u0131n yaraland\u0131\u011f\u0131n\u0131 belirtti.<\/p>\n<p><span style=\"color: #0000ff\">\u015eAM:<\/span><\/p>\n<p>Di\u011fer yandan \u015eam Emniyet M\u00fcd\u00fcrl\u00fc\u011f\u00fcnde bir kaynak; Do\u011fu \u011euta\u2019da siperlenen ve Al Suud rejimine\u00a0hizmet eden \u2018\u0130slam Ordusu\u2019 (Cey\u015ful \u0130slam) adl\u0131 tekfirci ter\u00f6ristlerin \u00e7at\u0131\u015fmalar\u0131 durdurma anla\u015fmas\u0131na yeni bir ihlalle ba\u015fkent \u015eam\u2019\u0131n Adevi Semtine f\u00fczeyle sald\u0131rd\u0131klar\u0131n\u0131 aktard\u0131.<\/p>\n<p>Kaynak Sa\u011fl\u0131k Enstit\u00fcs\u00fcne d\u00fc\u015fen ter\u00f6r f\u00fczesinde be\u015feri isabetlerin olmad\u0131\u011f\u0131n\u0131, fakat enstit\u00fc binas\u0131nda ciddi maddi hasar\u0131n meydana geldi\u011fini belirtti.<\/p>\n","protected":false},"excerpt":{"rendered":"<p>\u0130LLER \u2013 D\u0131\u015f g\u00fc\u00e7lerin destek ve talimatlar\u0131yla \u00e7ocuk kad\u0131n demeden sivilleri geli\u015fig\u00fczel sald\u0131r\u0131larla hedef alan ter\u00f6r \u00f6rg\u00fctleri bug\u00fcn de insanl\u0131\u011f\u0131n y\u00fcz karas\u0131 bu ter\u00f6rlerini s\u00fcrd\u00fcrd\u00fcler. HALEP: Halep Emniyet M\u00fcd\u00fcrl\u00fc\u011f\u00fcnde bir kaynak SANA\u2019ya a\u00e7\u0131klamas\u0131nda; eli kanl\u0131 ter\u00f6r \u00f6rg\u00fctlerin Halep Kentinin Azamiye Semtini f\u00fczelerle geli\u015fig\u00fczel hedef ald\u0131klar\u0131n\u0131 aktar\u0131rken, bu sald\u0131r\u0131larda 2 vatanda\u015f\u0131n yaraland\u0131\u011f\u0131n\u0131 belirtti. \u015eAM: Di\u011fer yandan &hellip;<\/p>\n","protected":false},"author":1,"featured_media":83536,"comment_status":"closed","ping_status":"closed","sticky":false,"template":"","format":"standard","meta":{"footnotes":""},"categories":[479,575,17988,478],"tags":[3464,18237,15787,17274,17273,18347,23154,18674,20848,23155,19043,22182],"class_list":["post-83531","post","type-post","status-publish","format-standard","has-post-thumbnail","","category-haberler-yerel","category-olaylar-ve-gercekler","category-son-haberler","category-yerel","tag-nusra-cephesi","tag-cihatcilar","tag-fetih-ordusu","tag-fuze-saldirisi","tag-havan-saldirisi","tag-oso","tag-si","tag-silahli-muhalifler","tag-sivilelre-saldiri","tag-sivilleri-bombaladilar","tag-suriyede-son-durum","tag-suriyede-savas"],"_links":{"self":[{"href":"https:\/\/archive.sana.sy\/tr\/index.php?rest_route=\/wp\/v2\/posts\/83531","targetHints":{"allow":["GET"]}}],"collection":[{"href":"https:\/\/archive.sana.sy\/tr\/index.php?rest_route=\/wp\/v2\/posts"}],"about":[{"href":"https:\/\/archive.sana.sy\/tr\/index.php?rest_route=\/wp\/v2\/types\/post"}],"author":[{"embeddable":true,"href":"https:\/\/archive.sana.sy\/tr\/index.php?rest_route=\/wp\/v2\/users\/1"}],"replies":[{"embeddable":true,"href":"https:\/\/archive.sana.sy\/tr\/index.php?rest_route=%2Fwp%2Fv2%2Fcomments&post=83531"}],"version-history":[{"count":0,"href":"https:\/\/archive.sana.sy\/tr\/index.php?rest_route=\/wp\/v2\/posts\/83531\/revisions"}],"wp:featuredmedia":[{"embeddable":true,"href":"https:\/\/archive.sana.sy\/tr\/index.php?rest_route=\/wp\/v2\/media\/83536"}],"wp:attachment":[{"href":"https:\/\/archive.sana.sy\/tr\/index.php?rest_route=%2Fwp%2Fv2%2Fmedia&parent=83531"}],"wp:term":[{"taxonomy":"category","embeddable":true,"href":"https:\/\/archive.sana.sy\/tr\/index.php?rest_route=%2Fwp%2Fv2%2Fcategories&post=83531"},{"taxonomy":"post_tag","embeddable":true,"href":"https:\/\/archive.sana.sy\/tr\/index.php?rest_route=%2Fwp%2Fv2%2Ftags&post=83531"}],"curies":[{"name":"wp","href":"https:\/\/api.w.org\/{rel}","templated":true}]}}