{"id":83532,"date":"2016-08-13T12:15:23","date_gmt":"2016-08-13T09:15:23","guid":{"rendered":"http:\/\/www.sana.sy\/tr\/?p=83532"},"modified":"2016-08-13T14:56:37","modified_gmt":"2016-08-13T11:56:37","slug":"sam-emniyet-mudurlugunde-bir-kaynak-dogu-gutada-siperlenen-ve-al-suud-rejimlerine-hizmet-eden-islam-ordusu-ceysul-islam-adli-tekfirci-teroristlerin-catismalari-durdurma-a","status":"publish","type":"post","link":"https:\/\/archive.sana.sy\/tr\/?p=83532","title":{"rendered":"\u015eam Emniyet M\u00fcd\u00fcrl\u00fc\u011f\u00fcnde bir kaynak; Do\u011fu \u011euta\u2019da siperlenen ve Al Suud rejimlerine hizmet eden \u2018\u0130slam Ordusu\u2019 (Cey\u015ful \u0130slam) adl\u0131 tekfirci ter\u00f6ristlerin \u00e7at\u0131\u015fmalar\u0131 durdurma anla\u015fmas\u0131na yeni bir ihlalle ba\u015fkent \u015eam\u2019\u0131n Adevi Semtine f\u00fczeyle sald\u0131rd\u0131klar\u0131n\u0131 aktard\u0131"},"content":{"rendered":"<p>\u015eam Emniyet M\u00fcd\u00fcrl\u00fc\u011f\u00fcnde bir kaynak; Do\u011fu \u011euta\u2019da siperlenen ve Al Suud rejimlerine hizmet eden \u2018\u0130slam Ordusu\u2019 (Cey\u015ful \u0130slam) adl\u0131 tekfirci ter\u00f6ristlerin \u00e7at\u0131\u015fmalar\u0131 durdurma anla\u015fmas\u0131na yeni bir ihlalle ba\u015fkent \u015eam\u2019\u0131n Adevi Semtine f\u00fczeyle sald\u0131rd\u0131klar\u0131n\u0131 aktard\u0131<\/p>\n","protected":false},"excerpt":{"rendered":"<p>\u015eam Emniyet M\u00fcd\u00fcrl\u00fc\u011f\u00fcnde bir kaynak; Do\u011fu \u011euta\u2019da siperlenen ve Al Suud rejimlerine hizmet eden \u2018\u0130slam Ordusu\u2019 (Cey\u015ful \u0130slam) adl\u0131 tekfirci ter\u00f6ristlerin \u00e7at\u0131\u015fmalar\u0131 durdurma anla\u015fmas\u0131na yeni bir ihlalle ba\u015fkent \u015eam\u2019\u0131n Adevi Semtine f\u00fczeyle sald\u0131rd\u0131klar\u0131n\u0131 aktard\u0131<\/p>\n","protected":false},"author":1,"featured_media":0,"comment_status":"closed","ping_status":"closed","sticky":false,"template":"","format":"standard","meta":{"footnotes":""},"categories":[17991],"tags":[],"class_list":["post-83532","post","type-post","status-publish","format-standard","","category-son-dakika"],"_links":{"self":[{"href":"https:\/\/archive.sana.sy\/tr\/index.php?rest_route=\/wp\/v2\/posts\/83532","targetHints":{"allow":["GET"]}}],"collection":[{"href":"https:\/\/archive.sana.sy\/tr\/index.php?rest_route=\/wp\/v2\/posts"}],"about":[{"href":"https:\/\/archive.sana.sy\/tr\/index.php?rest_route=\/wp\/v2\/types\/post"}],"author":[{"embeddable":true,"href":"https:\/\/archive.sana.sy\/tr\/index.php?rest_route=\/wp\/v2\/users\/1"}],"replies":[{"embeddable":true,"href":"https:\/\/archive.sana.sy\/tr\/index.php?rest_route=%2Fwp%2Fv2%2Fcomments&post=83532"}],"version-history":[{"count":0,"href":"https:\/\/archive.sana.sy\/tr\/index.php?rest_route=\/wp\/v2\/posts\/83532\/revisions"}],"wp:attachment":[{"href":"https:\/\/archive.sana.sy\/tr\/index.php?rest_route=%2Fwp%2Fv2%2Fmedia&parent=83532"}],"wp:term":[{"taxonomy":"category","embeddable":true,"href":"https:\/\/archive.sana.sy\/tr\/index.php?rest_route=%2Fwp%2Fv2%2Fcategories&post=83532"},{"taxonomy":"post_tag","embeddable":true,"href":"https:\/\/archive.sana.sy\/tr\/index.php?rest_route=%2Fwp%2Fv2%2Ftags&post=83532"}],"curies":[{"name":"wp","href":"https:\/\/api.w.org\/{rel}","templated":true}]}}