{"id":83604,"date":"2016-08-14T10:13:42","date_gmt":"2016-08-14T07:13:42","guid":{"rendered":"http:\/\/www.sana.sy\/tr\/?p=83604"},"modified":"2016-08-14T14:43:52","modified_gmt":"2016-08-14T11:43:52","slug":"kunaytra-kirsalinda-israil-destekli-tekfirci-teroristlere-yonelik-operasyonlar-konusunda-ise-askeri-kaynak-ordu-birliklerimizin-han-ernaba-beldesindeki-halk-savunma-gucleriyle-isbirligi-icinde-acraf-k","status":"publish","type":"post","link":"https:\/\/archive.sana.sy\/tr\/?p=83604","title":{"rendered":"Kunaytra k\u0131rsal\u0131nda \u0130srail destekli tekfirci ter\u00f6ristlere y\u00f6nelik operasyonlar konusunda ise askeri kaynak ordu birliklerimizin Han Ernaba Beldesindeki halk savunma g\u00fc\u00e7leriyle i\u015fbirli\u011fi i\u00e7inde Acraf K\u00f6y\u00fcndeki ter\u00f6ristlerin bir karargah\u0131na girmeyi ba\u015fard\u0131klar\u0131n\u0131 belirtti."},"content":{"rendered":"<p>Kunaytra k\u0131rsal\u0131nda \u0130srail destekli tekfirci ter\u00f6ristlere y\u00f6nelik operasyonlar konusunda ise askeri kaynak ordu birliklerimizin Han Ernaba Beldesindeki halk savunma g\u00fc\u00e7leriyle i\u015fbirli\u011fi i\u00e7inde Acraf K\u00f6y\u00fcndeki ter\u00f6ristlerin bir karargah\u0131na girmeyi ba\u015fard\u0131klar\u0131n\u0131 belirtti.<\/p>\n","protected":false},"excerpt":{"rendered":"<p>Kunaytra k\u0131rsal\u0131nda \u0130srail destekli tekfirci ter\u00f6ristlere y\u00f6nelik operasyonlar konusunda ise askeri kaynak ordu birliklerimizin Han Ernaba Beldesindeki halk savunma g\u00fc\u00e7leriyle i\u015fbirli\u011fi i\u00e7inde Acraf K\u00f6y\u00fcndeki ter\u00f6ristlerin bir karargah\u0131na girmeyi ba\u015fard\u0131klar\u0131n\u0131 belirtti.<\/p>\n","protected":false},"author":1,"featured_media":0,"comment_status":"closed","ping_status":"closed","sticky":false,"template":"","format":"standard","meta":{"footnotes":""},"categories":[17991],"tags":[],"class_list":["post-83604","post","type-post","status-publish","format-standard","","category-son-dakika"],"_links":{"self":[{"href":"https:\/\/archive.sana.sy\/tr\/index.php?rest_route=\/wp\/v2\/posts\/83604","targetHints":{"allow":["GET"]}}],"collection":[{"href":"https:\/\/archive.sana.sy\/tr\/index.php?rest_route=\/wp\/v2\/posts"}],"about":[{"href":"https:\/\/archive.sana.sy\/tr\/index.php?rest_route=\/wp\/v2\/types\/post"}],"author":[{"embeddable":true,"href":"https:\/\/archive.sana.sy\/tr\/index.php?rest_route=\/wp\/v2\/users\/1"}],"replies":[{"embeddable":true,"href":"https:\/\/archive.sana.sy\/tr\/index.php?rest_route=%2Fwp%2Fv2%2Fcomments&post=83604"}],"version-history":[{"count":0,"href":"https:\/\/archive.sana.sy\/tr\/index.php?rest_route=\/wp\/v2\/posts\/83604\/revisions"}],"wp:attachment":[{"href":"https:\/\/archive.sana.sy\/tr\/index.php?rest_route=%2Fwp%2Fv2%2Fmedia&parent=83604"}],"wp:term":[{"taxonomy":"category","embeddable":true,"href":"https:\/\/archive.sana.sy\/tr\/index.php?rest_route=%2Fwp%2Fv2%2Fcategories&post=83604"},{"taxonomy":"post_tag","embeddable":true,"href":"https:\/\/archive.sana.sy\/tr\/index.php?rest_route=%2Fwp%2Fv2%2Ftags&post=83604"}],"curies":[{"name":"wp","href":"https:\/\/api.w.org\/{rel}","templated":true}]}}