{"id":83612,"date":"2016-08-14T10:21:28","date_gmt":"2016-08-14T07:21:28","guid":{"rendered":"http:\/\/www.sana.sy\/tr\/?p=83612"},"modified":"2016-08-14T14:44:30","modified_gmt":"2016-08-14T11:44:30","slug":"ordu-birliklerimizin-yine-kunaytra-kirsalinda-hmeydiye-ve-resm-el-sveyli-koyleri-arasina-ilaveten-um-el-izam-ve-kahtaniye-bolgelerinde-tekfirci-teroristlere-karsi-operasyonlarda-bulunduklarini-soyleye","status":"publish","type":"post","link":"https:\/\/archive.sana.sy\/tr\/?p=83612","title":{"rendered":"Ordu birliklerimizin yine Kunaytra k\u0131rsal\u0131nda Hmeydiye ve Resm el \u015eveyli k\u00f6yleri aras\u0131na ilaveten Um el izam ve Kahtaniye b\u00f6lgelerinde tekfirci ter\u00f6ristlere kar\u015f\u0131 operasyonlarda bulunduklar\u0131n\u0131 s\u00f6yleyen kaynak, bu operasyonlarda tekfircilerin say\u0131 ve ekipmanlar\u0131yla yine ciddi kay\u0131plara u\u011frat\u0131ld\u0131klar\u0131n\u0131 s\u00f6zlerine ekledi."},"content":{"rendered":"<p>Ordu birliklerimizin yine Kunaytra k\u0131rsal\u0131nda Hmeydiye ve Resm el \u015eveyli k\u00f6yleri aras\u0131na ilaveten Um el izam ve Kahtaniye b\u00f6lgelerinde tekfirci ter\u00f6ristlere kar\u015f\u0131 operasyonlarda bulunduklar\u0131n\u0131 s\u00f6yleyen kaynak, bu operasyonlarda tekfircilerin say\u0131 ve ekipmanlar\u0131yla yine ciddi kay\u0131plara u\u011frat\u0131ld\u0131klar\u0131n\u0131 s\u00f6zlerine ekledi.<\/p>\n","protected":false},"excerpt":{"rendered":"<p>Ordu birliklerimizin yine Kunaytra k\u0131rsal\u0131nda Hmeydiye ve Resm el \u015eveyli k\u00f6yleri aras\u0131na ilaveten Um el izam ve Kahtaniye b\u00f6lgelerinde tekfirci ter\u00f6ristlere kar\u015f\u0131 operasyonlarda bulunduklar\u0131n\u0131 s\u00f6yleyen kaynak, bu operasyonlarda tekfircilerin say\u0131 ve ekipmanlar\u0131yla yine ciddi kay\u0131plara u\u011frat\u0131ld\u0131klar\u0131n\u0131 s\u00f6zlerine ekledi.<\/p>\n","protected":false},"author":1,"featured_media":0,"comment_status":"closed","ping_status":"closed","sticky":false,"template":"","format":"standard","meta":{"footnotes":""},"categories":[17991],"tags":[],"class_list":["post-83612","post","type-post","status-publish","format-standard","","category-son-dakika"],"_links":{"self":[{"href":"https:\/\/archive.sana.sy\/tr\/index.php?rest_route=\/wp\/v2\/posts\/83612","targetHints":{"allow":["GET"]}}],"collection":[{"href":"https:\/\/archive.sana.sy\/tr\/index.php?rest_route=\/wp\/v2\/posts"}],"about":[{"href":"https:\/\/archive.sana.sy\/tr\/index.php?rest_route=\/wp\/v2\/types\/post"}],"author":[{"embeddable":true,"href":"https:\/\/archive.sana.sy\/tr\/index.php?rest_route=\/wp\/v2\/users\/1"}],"replies":[{"embeddable":true,"href":"https:\/\/archive.sana.sy\/tr\/index.php?rest_route=%2Fwp%2Fv2%2Fcomments&post=83612"}],"version-history":[{"count":0,"href":"https:\/\/archive.sana.sy\/tr\/index.php?rest_route=\/wp\/v2\/posts\/83612\/revisions"}],"wp:attachment":[{"href":"https:\/\/archive.sana.sy\/tr\/index.php?rest_route=%2Fwp%2Fv2%2Fmedia&parent=83612"}],"wp:term":[{"taxonomy":"category","embeddable":true,"href":"https:\/\/archive.sana.sy\/tr\/index.php?rest_route=%2Fwp%2Fv2%2Fcategories&post=83612"},{"taxonomy":"post_tag","embeddable":true,"href":"https:\/\/archive.sana.sy\/tr\/index.php?rest_route=%2Fwp%2Fv2%2Ftags&post=83612"}],"curies":[{"name":"wp","href":"https:\/\/api.w.org\/{rel}","templated":true}]}}