{"id":83617,"date":"2016-08-14T11:26:33","date_gmt":"2016-08-14T08:26:33","guid":{"rendered":"http:\/\/www.sana.sy\/tr\/?p=83617"},"modified":"2016-08-14T14:51:37","modified_gmt":"2016-08-14T11:51:37","slug":"kaynak-operasyonlarda-urdun-sinirlarina-yakin-olmasiyla-teroristlerin-ana-destek-ve-ikmal-hatlari-sayilan-bu-bolgede-tekfircilere-ait-2-komuta-karargahi-ve-2-aracin-muhtevalariyla-birlikte-imha-edildi","status":"publish","type":"post","link":"https:\/\/archive.sana.sy\/tr\/?p=83617","title":{"rendered":"Kaynak operasyonlarda \u00dcrd\u00fcn s\u0131n\u0131rlar\u0131na yak\u0131n olmas\u0131yla ter\u00f6ristlerin ana destek ve ikmal hatlar\u0131 say\u0131lan bu b\u00f6lgede tekfircilere ait 2 komuta karargah\u0131 ve 2 arac\u0131n muhtevalar\u0131yla birlikte imha edildiklerini aktard\u0131."},"content":{"rendered":"<p>Kaynak operasyonlarda \u00dcrd\u00fcn s\u0131n\u0131rlar\u0131na yak\u0131n olmas\u0131yla ter\u00f6ristlerin ana destek ve ikmal hatlar\u0131 say\u0131lan bu b\u00f6lgede tekfircilere ait 2 komuta karargah\u0131 ve 2 arac\u0131n muhtevalar\u0131yla birlikte imha edildiklerini aktard\u0131.<\/p>\n","protected":false},"excerpt":{"rendered":"<p>Kaynak operasyonlarda \u00dcrd\u00fcn s\u0131n\u0131rlar\u0131na yak\u0131n olmas\u0131yla ter\u00f6ristlerin ana destek ve ikmal hatlar\u0131 say\u0131lan bu b\u00f6lgede tekfircilere ait 2 komuta karargah\u0131 ve 2 arac\u0131n muhtevalar\u0131yla birlikte imha edildiklerini aktard\u0131.<\/p>\n","protected":false},"author":1,"featured_media":0,"comment_status":"closed","ping_status":"closed","sticky":false,"template":"","format":"standard","meta":{"footnotes":""},"categories":[17991],"tags":[],"class_list":["post-83617","post","type-post","status-publish","format-standard","","category-son-dakika"],"_links":{"self":[{"href":"https:\/\/archive.sana.sy\/tr\/index.php?rest_route=\/wp\/v2\/posts\/83617","targetHints":{"allow":["GET"]}}],"collection":[{"href":"https:\/\/archive.sana.sy\/tr\/index.php?rest_route=\/wp\/v2\/posts"}],"about":[{"href":"https:\/\/archive.sana.sy\/tr\/index.php?rest_route=\/wp\/v2\/types\/post"}],"author":[{"embeddable":true,"href":"https:\/\/archive.sana.sy\/tr\/index.php?rest_route=\/wp\/v2\/users\/1"}],"replies":[{"embeddable":true,"href":"https:\/\/archive.sana.sy\/tr\/index.php?rest_route=%2Fwp%2Fv2%2Fcomments&post=83617"}],"version-history":[{"count":0,"href":"https:\/\/archive.sana.sy\/tr\/index.php?rest_route=\/wp\/v2\/posts\/83617\/revisions"}],"wp:attachment":[{"href":"https:\/\/archive.sana.sy\/tr\/index.php?rest_route=%2Fwp%2Fv2%2Fmedia&parent=83617"}],"wp:term":[{"taxonomy":"category","embeddable":true,"href":"https:\/\/archive.sana.sy\/tr\/index.php?rest_route=%2Fwp%2Fv2%2Fcategories&post=83617"},{"taxonomy":"post_tag","embeddable":true,"href":"https:\/\/archive.sana.sy\/tr\/index.php?rest_route=%2Fwp%2Fv2%2Ftags&post=83617"}],"curies":[{"name":"wp","href":"https:\/\/api.w.org\/{rel}","templated":true}]}}