{"id":83618,"date":"2016-08-14T11:21:59","date_gmt":"2016-08-14T08:21:59","guid":{"rendered":"http:\/\/www.sana.sy\/tr\/?p=83618"},"modified":"2016-08-14T14:51:18","modified_gmt":"2016-08-14T11:51:18","slug":"askeri-kaynak-sanaya-aciklamasinda-ordu-birliklerimizin-derada-israil-destekli-nusra-cephesi-ve-muttefikleri-diger-teror-gruplara-karsi-operasyonlarinda-dera-beled-bolgesinin-bircok","status":"publish","type":"post","link":"https:\/\/archive.sana.sy\/tr\/?p=83618","title":{"rendered":"Askeri kaynak SANA\u2019ya a\u00e7\u0131klamas\u0131nda ordu birliklerimizin Dera\u2019da \u0130srail destekli Nusra Cephesi ve m\u00fcttefikleri di\u011fer ter\u00f6r gruplara kar\u015f\u0131 operasyonlar\u0131nda Dera Beled B\u00f6lgesinin bir\u00e7ok mevkiinde tekfircilerin karargah, toplanma yerleri ve ara\u00e7lar\u0131n\u0131 imha ettiklerini s\u00f6yledi."},"content":{"rendered":"<p>Askeri kaynak SANA\u2019ya a\u00e7\u0131klamas\u0131nda ordu birliklerimizin Dera\u2019da \u0130srail destekli Nusra Cephesi ve m\u00fcttefikleri di\u011fer ter\u00f6r gruplara kar\u015f\u0131 operasyonlar\u0131nda Dera Beled B\u00f6lgesinin bir\u00e7ok mevkiinde tekfircilerin karargah, toplanma yerleri ve ara\u00e7lar\u0131n\u0131 imha ettiklerini s\u00f6yledi.<\/p>\n","protected":false},"excerpt":{"rendered":"<p>Askeri kaynak SANA\u2019ya a\u00e7\u0131klamas\u0131nda ordu birliklerimizin Dera\u2019da \u0130srail destekli Nusra Cephesi ve m\u00fcttefikleri di\u011fer ter\u00f6r gruplara kar\u015f\u0131 operasyonlar\u0131nda Dera Beled B\u00f6lgesinin bir\u00e7ok mevkiinde tekfircilerin karargah, toplanma yerleri ve ara\u00e7lar\u0131n\u0131 imha ettiklerini s\u00f6yledi.<\/p>\n","protected":false},"author":1,"featured_media":0,"comment_status":"closed","ping_status":"closed","sticky":false,"template":"","format":"standard","meta":{"footnotes":""},"categories":[17991],"tags":[],"class_list":["post-83618","post","type-post","status-publish","format-standard","","category-son-dakika"],"_links":{"self":[{"href":"https:\/\/archive.sana.sy\/tr\/index.php?rest_route=\/wp\/v2\/posts\/83618","targetHints":{"allow":["GET"]}}],"collection":[{"href":"https:\/\/archive.sana.sy\/tr\/index.php?rest_route=\/wp\/v2\/posts"}],"about":[{"href":"https:\/\/archive.sana.sy\/tr\/index.php?rest_route=\/wp\/v2\/types\/post"}],"author":[{"embeddable":true,"href":"https:\/\/archive.sana.sy\/tr\/index.php?rest_route=\/wp\/v2\/users\/1"}],"replies":[{"embeddable":true,"href":"https:\/\/archive.sana.sy\/tr\/index.php?rest_route=%2Fwp%2Fv2%2Fcomments&post=83618"}],"version-history":[{"count":0,"href":"https:\/\/archive.sana.sy\/tr\/index.php?rest_route=\/wp\/v2\/posts\/83618\/revisions"}],"wp:attachment":[{"href":"https:\/\/archive.sana.sy\/tr\/index.php?rest_route=%2Fwp%2Fv2%2Fmedia&parent=83618"}],"wp:term":[{"taxonomy":"category","embeddable":true,"href":"https:\/\/archive.sana.sy\/tr\/index.php?rest_route=%2Fwp%2Fv2%2Fcategories&post=83618"},{"taxonomy":"post_tag","embeddable":true,"href":"https:\/\/archive.sana.sy\/tr\/index.php?rest_route=%2Fwp%2Fv2%2Ftags&post=83618"}],"curies":[{"name":"wp","href":"https:\/\/api.w.org\/{rel}","templated":true}]}}