{"id":83621,"date":"2016-08-14T11:29:48","date_gmt":"2016-08-14T08:29:48","guid":{"rendered":"http:\/\/www.sana.sy\/tr\/?p=83621"},"modified":"2016-08-14T14:52:11","modified_gmt":"2016-08-14T11:52:11","slug":"ordu-birliklerimizin-dera-kirsalinin-dogusu-nuayme-beldesinde-siper-kurma-ve-mevzilenme-eylemlerinde-bulunan-tekfircileri-atese-tuttuklarini-belirten-kaynak-cok-sayida-teroristin-kullandiklari-arac-v","status":"publish","type":"post","link":"https:\/\/archive.sana.sy\/tr\/?p=83621","title":{"rendered":"Ordu birliklerimizin Dera k\u0131rsal\u0131n\u0131n do\u011fusu Nuayme Beldesinde siper kurma ve mevzilenme eylemlerinde bulunan tekfircileri ate\u015fe tuttuklar\u0131n\u0131 belirten kaynak, \u00e7ok say\u0131da ter\u00f6ristin kulland\u0131klar\u0131 ara\u00e7 ve ekipmanlarla birlikte imha edildiklerini s\u00f6zlerine ekledi."},"content":{"rendered":"<p>Ordu birliklerimizin Dera k\u0131rsal\u0131n\u0131n do\u011fusu Nuayme Beldesinde siper kurma ve mevzilenme eylemlerinde bulunan tekfircileri ate\u015fe tuttuklar\u0131n\u0131 belirten kaynak, \u00e7ok say\u0131da ter\u00f6ristin kulland\u0131klar\u0131 ara\u00e7 ve ekipmanlarla birlikte imha edildiklerini s\u00f6zlerine ekledi.<\/p>\n","protected":false},"excerpt":{"rendered":"<p>Ordu birliklerimizin Dera k\u0131rsal\u0131n\u0131n do\u011fusu Nuayme Beldesinde siper kurma ve mevzilenme eylemlerinde bulunan tekfircileri ate\u015fe tuttuklar\u0131n\u0131 belirten kaynak, \u00e7ok say\u0131da ter\u00f6ristin kulland\u0131klar\u0131 ara\u00e7 ve ekipmanlarla birlikte imha edildiklerini s\u00f6zlerine ekledi.<\/p>\n","protected":false},"author":1,"featured_media":0,"comment_status":"closed","ping_status":"closed","sticky":false,"template":"","format":"standard","meta":{"footnotes":""},"categories":[17991],"tags":[],"class_list":["post-83621","post","type-post","status-publish","format-standard","","category-son-dakika"],"_links":{"self":[{"href":"https:\/\/archive.sana.sy\/tr\/index.php?rest_route=\/wp\/v2\/posts\/83621","targetHints":{"allow":["GET"]}}],"collection":[{"href":"https:\/\/archive.sana.sy\/tr\/index.php?rest_route=\/wp\/v2\/posts"}],"about":[{"href":"https:\/\/archive.sana.sy\/tr\/index.php?rest_route=\/wp\/v2\/types\/post"}],"author":[{"embeddable":true,"href":"https:\/\/archive.sana.sy\/tr\/index.php?rest_route=\/wp\/v2\/users\/1"}],"replies":[{"embeddable":true,"href":"https:\/\/archive.sana.sy\/tr\/index.php?rest_route=%2Fwp%2Fv2%2Fcomments&post=83621"}],"version-history":[{"count":0,"href":"https:\/\/archive.sana.sy\/tr\/index.php?rest_route=\/wp\/v2\/posts\/83621\/revisions"}],"wp:attachment":[{"href":"https:\/\/archive.sana.sy\/tr\/index.php?rest_route=%2Fwp%2Fv2%2Fmedia&parent=83621"}],"wp:term":[{"taxonomy":"category","embeddable":true,"href":"https:\/\/archive.sana.sy\/tr\/index.php?rest_route=%2Fwp%2Fv2%2Fcategories&post=83621"},{"taxonomy":"post_tag","embeddable":true,"href":"https:\/\/archive.sana.sy\/tr\/index.php?rest_route=%2Fwp%2Fv2%2Ftags&post=83621"}],"curies":[{"name":"wp","href":"https:\/\/api.w.org\/{rel}","templated":true}]}}