{"id":83622,"date":"2016-08-14T11:49:53","date_gmt":"2016-08-14T08:49:53","guid":{"rendered":"http:\/\/www.sana.sy\/tr\/?p=83622"},"modified":"2016-08-14T14:55:00","modified_gmt":"2016-08-14T11:55:00","slug":"rus-bakanlik-resmi-web-sitesinde-yayinladigi-bulteninde-nitelikli-hava-operasyonlarinda-iside-ait-6-cephane-deposu-2-komuta-karargahi-2-tank-4-arac-ve-agir-makineli-silahlarla-donatilmis","status":"publish","type":"post","link":"https:\/\/archive.sana.sy\/tr\/?p=83622","title":{"rendered":"Rus bakanl\u0131k resmi web sitesinde yay\u0131nlad\u0131\u011f\u0131 b\u00fclteninde; nitelikli hava operasyonlar\u0131nda I\u015e\u0130D\u2019e ait 6 cephane deposu, 2 komuta karargah\u0131, 2 tank, 4 ara\u00e7 ve a\u011f\u0131r makineli silahlarla donat\u0131lm\u0131\u015f 4X4 \u00e7eker 7 arac\u0131n imha edildi\u011fini a\u00e7\u0131klarken olduk\u00e7a y\u00fcksek say\u0131da tekfirci ter\u00f6ristin de \u00f6ld\u00fcr\u00fcld\u00fc\u011f\u00fcn\u00fc ifade etti."},"content":{"rendered":"<p>Rus bakanl\u0131k resmi web sitesinde yay\u0131nlad\u0131\u011f\u0131 b\u00fclteninde; nitelikli hava operasyonlar\u0131nda I\u015e\u0130D\u2019e ait 6 cephane deposu, 2 komuta karargah\u0131, 2 tank, 4 ara\u00e7 ve a\u011f\u0131r makineli silahlarla donat\u0131lm\u0131\u015f 4X4 \u00e7eker 7 arac\u0131n imha edildi\u011fini a\u00e7\u0131klarken olduk\u00e7a y\u00fcksek say\u0131da tekfirci ter\u00f6ristin de \u00f6ld\u00fcr\u00fcld\u00fc\u011f\u00fcn\u00fc ifade etti.<\/p>\n","protected":false},"excerpt":{"rendered":"<p>Rus bakanl\u0131k resmi web sitesinde yay\u0131nlad\u0131\u011f\u0131 b\u00fclteninde; nitelikli hava operasyonlar\u0131nda I\u015e\u0130D\u2019e ait 6 cephane deposu, 2 komuta karargah\u0131, 2 tank, 4 ara\u00e7 ve a\u011f\u0131r makineli silahlarla donat\u0131lm\u0131\u015f 4X4 \u00e7eker 7 arac\u0131n imha edildi\u011fini a\u00e7\u0131klarken olduk\u00e7a y\u00fcksek say\u0131da tekfirci ter\u00f6ristin de \u00f6ld\u00fcr\u00fcld\u00fc\u011f\u00fcn\u00fc ifade etti.<\/p>\n","protected":false},"author":1,"featured_media":0,"comment_status":"closed","ping_status":"closed","sticky":false,"template":"","format":"standard","meta":{"footnotes":""},"categories":[17991],"tags":[],"class_list":["post-83622","post","type-post","status-publish","format-standard","","category-son-dakika"],"_links":{"self":[{"href":"https:\/\/archive.sana.sy\/tr\/index.php?rest_route=\/wp\/v2\/posts\/83622","targetHints":{"allow":["GET"]}}],"collection":[{"href":"https:\/\/archive.sana.sy\/tr\/index.php?rest_route=\/wp\/v2\/posts"}],"about":[{"href":"https:\/\/archive.sana.sy\/tr\/index.php?rest_route=\/wp\/v2\/types\/post"}],"author":[{"embeddable":true,"href":"https:\/\/archive.sana.sy\/tr\/index.php?rest_route=\/wp\/v2\/users\/1"}],"replies":[{"embeddable":true,"href":"https:\/\/archive.sana.sy\/tr\/index.php?rest_route=%2Fwp%2Fv2%2Fcomments&post=83622"}],"version-history":[{"count":0,"href":"https:\/\/archive.sana.sy\/tr\/index.php?rest_route=\/wp\/v2\/posts\/83622\/revisions"}],"wp:attachment":[{"href":"https:\/\/archive.sana.sy\/tr\/index.php?rest_route=%2Fwp%2Fv2%2Fmedia&parent=83622"}],"wp:term":[{"taxonomy":"category","embeddable":true,"href":"https:\/\/archive.sana.sy\/tr\/index.php?rest_route=%2Fwp%2Fv2%2Fcategories&post=83622"},{"taxonomy":"post_tag","embeddable":true,"href":"https:\/\/archive.sana.sy\/tr\/index.php?rest_route=%2Fwp%2Fv2%2Ftags&post=83622"}],"curies":[{"name":"wp","href":"https:\/\/api.w.org\/{rel}","templated":true}]}}