{"id":83694,"date":"2016-08-15T12:16:45","date_gmt":"2016-08-15T09:16:45","guid":{"rendered":"http:\/\/www.sana.sy\/tr\/?p=83694"},"modified":"2016-08-16T13:22:19","modified_gmt":"2016-08-16T10:22:19","slug":"gazel-final-yarismalara-yukseldi","status":"publish","type":"post","link":"https:\/\/archive.sana.sy\/tr\/?p=83694","title":{"rendered":"Gazel Final Yar\u0131\u015fmalara Y\u00fckseldi(video)"},"content":{"rendered":"<p>R\u0130O de JANE\u0130RO \u2013 Brezilya\u2019da d\u00fczenlenen uluslar aras\u0131 Rio de Janeiro Olimpiyatlar\u0131na kat\u0131lan sporcular\u0131m\u0131zdan Mecdeddin Gazel y\u00fcksek atlamada final yar\u0131\u015fmalar\u0131na y\u00fckseldi.<\/p>\n<p>222 santimetre ve 226 santimetreyi ilk denemede ba\u015far\u0131yla atlayan Gazel, 229 santimetreyi de ikinci denemede ba\u015far\u0131yla atlad\u0131.<\/p>\n<p>https:\/\/youtu.be\/5udnpeWV51Q<\/p>\n<div id='gallery-1' class='gallery galleryid-83694 gallery-columns-2 gallery-size-medium'><figure class='gallery-item'>\n\t\t\t<div class='gallery-icon portrait'>\n\t\t\t\t<a href='https:\/\/archive.sana.sy\/tr\/wp-content\/uploads\/2016\/08\/spor-2-1.jpg'><img loading=\"lazy\" decoding=\"async\" width=\"225\" height=\"300\" src=\"https:\/\/archive.sana.sy\/tr\/wp-content\/uploads\/2016\/08\/spor-2-1-225x300.jpg\" class=\"attachment-medium size-medium\" alt=\"\" srcset=\"https:\/\/archive.sana.sy\/tr\/wp-content\/uploads\/2016\/08\/spor-2-1-225x300.jpg 225w, https:\/\/archive.sana.sy\/tr\/wp-content\/uploads\/2016\/08\/spor-2-1-113x150.jpg 113w, https:\/\/archive.sana.sy\/tr\/wp-content\/uploads\/2016\/08\/spor-2-1.jpg 480w\" sizes=\"auto, (max-width: 225px) 100vw, 225px\" \/><\/a>\n\t\t\t<\/div><\/figure><figure class='gallery-item'>\n\t\t\t<div class='gallery-icon landscape'>\n\t\t\t\t<a href='https:\/\/archive.sana.sy\/tr\/wp-content\/uploads\/2016\/08\/spor-2.jpg'><img loading=\"lazy\" decoding=\"async\" width=\"300\" height=\"150\" src=\"https:\/\/archive.sana.sy\/tr\/wp-content\/uploads\/2016\/08\/spor-2-300x150.jpg\" class=\"attachment-medium size-medium\" alt=\"\" srcset=\"https:\/\/archive.sana.sy\/tr\/wp-content\/uploads\/2016\/08\/spor-2-300x150.jpg 300w, https:\/\/archive.sana.sy\/tr\/wp-content\/uploads\/2016\/08\/spor-2-150x75.jpg 150w, https:\/\/archive.sana.sy\/tr\/wp-content\/uploads\/2016\/08\/spor-2.jpg 660w\" sizes=\"auto, (max-width: 300px) 100vw, 300px\" \/><\/a>\n\t\t\t<\/div><\/figure>\n\t\t<\/div>\n\n<p>R.H.<\/p>\n","protected":false},"excerpt":{"rendered":"<p>R\u0130O de JANE\u0130RO \u2013 Brezilya\u2019da d\u00fczenlenen uluslar aras\u0131 Rio de Janeiro Olimpiyatlar\u0131na kat\u0131lan sporcular\u0131m\u0131zdan Mecdeddin Gazel y\u00fcksek atlamada final yar\u0131\u015fmalar\u0131na y\u00fckseldi. 222 santimetre ve 226 santimetreyi ilk denemede ba\u015far\u0131yla atlayan Gazel, 229 santimetreyi de ikinci denemede ba\u015far\u0131yla atlad\u0131. https:\/\/youtu.be\/5udnpeWV51Q R.H.<\/p>\n","protected":false},"author":1,"featured_media":83696,"comment_status":"closed","ping_status":"closed","sticky":false,"template":"","format":"standard","meta":{"footnotes":""},"categories":[498,17988,496],"tags":[23193],"class_list":["post-83694","post","type-post","status-publish","format-standard","has-post-thumbnail","","category-dunya-turnuvalari","category-son-haberler","category-spor","tag-gazel-final-yarismalara-yukseldi"],"_links":{"self":[{"href":"https:\/\/archive.sana.sy\/tr\/index.php?rest_route=\/wp\/v2\/posts\/83694","targetHints":{"allow":["GET"]}}],"collection":[{"href":"https:\/\/archive.sana.sy\/tr\/index.php?rest_route=\/wp\/v2\/posts"}],"about":[{"href":"https:\/\/archive.sana.sy\/tr\/index.php?rest_route=\/wp\/v2\/types\/post"}],"author":[{"embeddable":true,"href":"https:\/\/archive.sana.sy\/tr\/index.php?rest_route=\/wp\/v2\/users\/1"}],"replies":[{"embeddable":true,"href":"https:\/\/archive.sana.sy\/tr\/index.php?rest_route=%2Fwp%2Fv2%2Fcomments&post=83694"}],"version-history":[{"count":0,"href":"https:\/\/archive.sana.sy\/tr\/index.php?rest_route=\/wp\/v2\/posts\/83694\/revisions"}],"wp:featuredmedia":[{"embeddable":true,"href":"https:\/\/archive.sana.sy\/tr\/index.php?rest_route=\/wp\/v2\/media\/83696"}],"wp:attachment":[{"href":"https:\/\/archive.sana.sy\/tr\/index.php?rest_route=%2Fwp%2Fv2%2Fmedia&parent=83694"}],"wp:term":[{"taxonomy":"category","embeddable":true,"href":"https:\/\/archive.sana.sy\/tr\/index.php?rest_route=%2Fwp%2Fv2%2Fcategories&post=83694"},{"taxonomy":"post_tag","embeddable":true,"href":"https:\/\/archive.sana.sy\/tr\/index.php?rest_route=%2Fwp%2Fv2%2Ftags&post=83694"}],"curies":[{"name":"wp","href":"https:\/\/api.w.org\/{rel}","templated":true}]}}