{"id":83699,"date":"2016-08-15T12:38:41","date_gmt":"2016-08-15T09:38:41","guid":{"rendered":"http:\/\/www.sana.sy\/tr\/?p=83699"},"modified":"2016-08-15T12:38:41","modified_gmt":"2016-08-15T09:38:41","slug":"kimi-devletlerin-ilimli-muhalifler-adini-verdikleri-teroristlerin-kurbani-suriyeli-cocuklardan-biri-sayilan-10-yaslarindaki-kiz-cocugu-gunva-kveydir","status":"publish","type":"post","link":"https:\/\/archive.sana.sy\/tr\/?p=83699","title":{"rendered":"Kimi devletlerin \u2018\u0131l\u0131ml\u0131 muhalifler\u2019 ad\u0131n\u0131 verdikleri ter\u00f6ristlerin kurban\u0131 Suriyeli \u00e7ocuklardan biri say\u0131lan 10 ya\u015flar\u0131ndaki k\u0131z \u00e7ocu\u011fu \u011eunva Kveydir,"},"content":{"rendered":"<p>Kimi devletlerin \u2018\u0131l\u0131ml\u0131 muhalifler\u2019 ad\u0131n\u0131 verdikleri ter\u00f6ristlerin kurban\u0131 Suriyeli \u00e7ocuklardan biri say\u0131lan 10 ya\u015flar\u0131ndaki k\u0131z \u00e7ocu\u011fu \u011eunva Kveydir<\/p>\n<p>https:\/\/youtu.be\/RlMWuIo571Q<\/p>\n<p>R.H.<\/p>\n","protected":false},"excerpt":{"rendered":"<p>Kimi devletlerin \u2018\u0131l\u0131ml\u0131 muhalifler\u2019 ad\u0131n\u0131 verdikleri ter\u00f6ristlerin kurban\u0131 Suriyeli \u00e7ocuklardan biri say\u0131lan 10 ya\u015flar\u0131ndaki k\u0131z \u00e7ocu\u011fu \u011eunva Kveydir https:\/\/youtu.be\/RlMWuIo571Q R.H.<\/p>\n","protected":false},"author":1,"featured_media":83701,"comment_status":"closed","ping_status":"closed","sticky":false,"template":"","format":"standard","meta":{"footnotes":""},"categories":[18295],"tags":[23194],"class_list":["post-83699","post","type-post","status-publish","format-standard","has-post-thumbnail","","category-sana-video","tag-kimi-devletlerin-ilimli-muhalifler-adini-verdikleri-teroristlerin-kurbani-suriyeli-cocuklardan-biri-sayilan-10-yaslarindaki-kiz-cocugu-gunva-kveydir"],"_links":{"self":[{"href":"https:\/\/archive.sana.sy\/tr\/index.php?rest_route=\/wp\/v2\/posts\/83699","targetHints":{"allow":["GET"]}}],"collection":[{"href":"https:\/\/archive.sana.sy\/tr\/index.php?rest_route=\/wp\/v2\/posts"}],"about":[{"href":"https:\/\/archive.sana.sy\/tr\/index.php?rest_route=\/wp\/v2\/types\/post"}],"author":[{"embeddable":true,"href":"https:\/\/archive.sana.sy\/tr\/index.php?rest_route=\/wp\/v2\/users\/1"}],"replies":[{"embeddable":true,"href":"https:\/\/archive.sana.sy\/tr\/index.php?rest_route=%2Fwp%2Fv2%2Fcomments&post=83699"}],"version-history":[{"count":0,"href":"https:\/\/archive.sana.sy\/tr\/index.php?rest_route=\/wp\/v2\/posts\/83699\/revisions"}],"wp:featuredmedia":[{"embeddable":true,"href":"https:\/\/archive.sana.sy\/tr\/index.php?rest_route=\/wp\/v2\/media\/83701"}],"wp:attachment":[{"href":"https:\/\/archive.sana.sy\/tr\/index.php?rest_route=%2Fwp%2Fv2%2Fmedia&parent=83699"}],"wp:term":[{"taxonomy":"category","embeddable":true,"href":"https:\/\/archive.sana.sy\/tr\/index.php?rest_route=%2Fwp%2Fv2%2Fcategories&post=83699"},{"taxonomy":"post_tag","embeddable":true,"href":"https:\/\/archive.sana.sy\/tr\/index.php?rest_route=%2Fwp%2Fv2%2Ftags&post=83699"}],"curies":[{"name":"wp","href":"https:\/\/api.w.org\/{rel}","templated":true}]}}