{"id":83700,"date":"2016-08-15T12:15:48","date_gmt":"2016-08-15T09:15:48","guid":{"rendered":"http:\/\/www.sana.sy\/tr\/?p=83700"},"modified":"2016-08-15T12:40:30","modified_gmt":"2016-08-15T09:40:30","slug":"suriye-kizilayi-sam-kirsali-madaya-beldesinde-teroristlerin-kendi-aralarinda-catistiklari-sirada-yaralanan-bir-kiz-cocugu-tedavi-icin-beldeden-cikardi","status":"publish","type":"post","link":"https:\/\/archive.sana.sy\/tr\/?p=83700","title":{"rendered":"Suriye K\u0131z\u0131lay\u2019\u0131 \u015eam k\u0131rsal\u0131 Madaya Beldesinde ter\u00f6ristlerin kendi aralar\u0131nda \u00e7at\u0131\u015ft\u0131klar\u0131 s\u0131rada yaralanan bir k\u0131z \u00e7ocu\u011fu tedavi i\u00e7in beldeden \u00e7\u0131kard\u0131"},"content":{"rendered":"<p>Suriye K\u0131z\u0131lay\u2019\u0131 \u015eam k\u0131rsal\u0131 Madaya Beldesinde ter\u00f6ristlerin kendi aralar\u0131nda \u00e7at\u0131\u015ft\u0131klar\u0131 s\u0131rada yaralanan bir k\u0131z \u00e7ocu\u011fu tedavi i\u00e7in beldeden \u00e7\u0131kard\u0131<\/p>\n<p>https:\/\/youtu.be\/xhMK3_6WsdY<\/p>\n<p>R.H.<\/p>\n","protected":false},"excerpt":{"rendered":"<p>Suriye K\u0131z\u0131lay\u2019\u0131 \u015eam k\u0131rsal\u0131 Madaya Beldesinde ter\u00f6ristlerin kendi aralar\u0131nda \u00e7at\u0131\u015ft\u0131klar\u0131 s\u0131rada yaralanan bir k\u0131z \u00e7ocu\u011fu tedavi i\u00e7in beldeden \u00e7\u0131kard\u0131 https:\/\/youtu.be\/xhMK3_6WsdY R.H.<\/p>\n","protected":false},"author":1,"featured_media":83703,"comment_status":"closed","ping_status":"closed","sticky":false,"template":"","format":"standard","meta":{"footnotes":""},"categories":[18295],"tags":[23195],"class_list":["post-83700","post","type-post","status-publish","format-standard","has-post-thumbnail","","category-sana-video","tag-suriye-kizilayi-sam-kirsali-madaya-beldesinde-teroristlerin-kendi-aralarinda-catistiklari-sirada-yaralanan-bir-kiz-cocugu-tedavi-icin-beldeden-cikardi"],"_links":{"self":[{"href":"https:\/\/archive.sana.sy\/tr\/index.php?rest_route=\/wp\/v2\/posts\/83700","targetHints":{"allow":["GET"]}}],"collection":[{"href":"https:\/\/archive.sana.sy\/tr\/index.php?rest_route=\/wp\/v2\/posts"}],"about":[{"href":"https:\/\/archive.sana.sy\/tr\/index.php?rest_route=\/wp\/v2\/types\/post"}],"author":[{"embeddable":true,"href":"https:\/\/archive.sana.sy\/tr\/index.php?rest_route=\/wp\/v2\/users\/1"}],"replies":[{"embeddable":true,"href":"https:\/\/archive.sana.sy\/tr\/index.php?rest_route=%2Fwp%2Fv2%2Fcomments&post=83700"}],"version-history":[{"count":0,"href":"https:\/\/archive.sana.sy\/tr\/index.php?rest_route=\/wp\/v2\/posts\/83700\/revisions"}],"wp:featuredmedia":[{"embeddable":true,"href":"https:\/\/archive.sana.sy\/tr\/index.php?rest_route=\/wp\/v2\/media\/83703"}],"wp:attachment":[{"href":"https:\/\/archive.sana.sy\/tr\/index.php?rest_route=%2Fwp%2Fv2%2Fmedia&parent=83700"}],"wp:term":[{"taxonomy":"category","embeddable":true,"href":"https:\/\/archive.sana.sy\/tr\/index.php?rest_route=%2Fwp%2Fv2%2Fcategories&post=83700"},{"taxonomy":"post_tag","embeddable":true,"href":"https:\/\/archive.sana.sy\/tr\/index.php?rest_route=%2Fwp%2Fv2%2Ftags&post=83700"}],"curies":[{"name":"wp","href":"https:\/\/api.w.org\/{rel}","templated":true}]}}