{"id":83705,"date":"2016-08-15T12:42:04","date_gmt":"2016-08-15T09:42:04","guid":{"rendered":"http:\/\/www.sana.sy\/tr\/?p=83705"},"modified":"2016-08-15T12:42:04","modified_gmt":"2016-08-15T09:42:04","slug":"suriyeli-gurbetciler-heyeti-suriyeye-ziyaretlerinin-vatana-destek-amacli-oldugunu-belirtti","status":"publish","type":"post","link":"https:\/\/archive.sana.sy\/tr\/?p=83705","title":{"rendered":"Suriyeli gurbet\u00e7iler heyeti Suriye\u2019ye  ziyaretlerinin vatana destek ama\u00e7l\u0131 oldu\u011funu belirtti"},"content":{"rendered":"<p>Suriyeli gurbet\u00e7iler heyeti Suriye\u2019ye \u00a0ziyaretlerinin vatana destek ama\u00e7l\u0131 oldu\u011funu belirtti<\/p>\n<p>https:\/\/youtu.be\/1F5UUV4IisQ<\/p>\n<p>R.H.<\/p>\n","protected":false},"excerpt":{"rendered":"<p>Suriyeli gurbet\u00e7iler heyeti Suriye\u2019ye \u00a0ziyaretlerinin vatana destek ama\u00e7l\u0131 oldu\u011funu belirtti https:\/\/youtu.be\/1F5UUV4IisQ R.H.<\/p>\n","protected":false},"author":1,"featured_media":83707,"comment_status":"closed","ping_status":"closed","sticky":false,"template":"","format":"standard","meta":{"footnotes":""},"categories":[18295],"tags":[23196],"class_list":["post-83705","post","type-post","status-publish","format-standard","has-post-thumbnail","","category-sana-video","tag-suriyeli-gurbetciler-heyeti-suriyeye-ziyaretlerinin-vatana-destek-amacli-oldugunu-belirtti"],"_links":{"self":[{"href":"https:\/\/archive.sana.sy\/tr\/index.php?rest_route=\/wp\/v2\/posts\/83705","targetHints":{"allow":["GET"]}}],"collection":[{"href":"https:\/\/archive.sana.sy\/tr\/index.php?rest_route=\/wp\/v2\/posts"}],"about":[{"href":"https:\/\/archive.sana.sy\/tr\/index.php?rest_route=\/wp\/v2\/types\/post"}],"author":[{"embeddable":true,"href":"https:\/\/archive.sana.sy\/tr\/index.php?rest_route=\/wp\/v2\/users\/1"}],"replies":[{"embeddable":true,"href":"https:\/\/archive.sana.sy\/tr\/index.php?rest_route=%2Fwp%2Fv2%2Fcomments&post=83705"}],"version-history":[{"count":0,"href":"https:\/\/archive.sana.sy\/tr\/index.php?rest_route=\/wp\/v2\/posts\/83705\/revisions"}],"wp:featuredmedia":[{"embeddable":true,"href":"https:\/\/archive.sana.sy\/tr\/index.php?rest_route=\/wp\/v2\/media\/83707"}],"wp:attachment":[{"href":"https:\/\/archive.sana.sy\/tr\/index.php?rest_route=%2Fwp%2Fv2%2Fmedia&parent=83705"}],"wp:term":[{"taxonomy":"category","embeddable":true,"href":"https:\/\/archive.sana.sy\/tr\/index.php?rest_route=%2Fwp%2Fv2%2Fcategories&post=83705"},{"taxonomy":"post_tag","embeddable":true,"href":"https:\/\/archive.sana.sy\/tr\/index.php?rest_route=%2Fwp%2Fv2%2Ftags&post=83705"}],"curies":[{"name":"wp","href":"https:\/\/api.w.org\/{rel}","templated":true}]}}