{"id":83914,"date":"2016-08-17T13:23:52","date_gmt":"2016-08-17T10:23:52","guid":{"rendered":"http:\/\/www.sana.sy\/tr\/?p=83914"},"modified":"2016-08-18T14:43:43","modified_gmt":"2016-08-18T11:43:43","slug":"kurbanlarin-arasinda-yine-kadin-ve-cocuklar-var","status":"publish","type":"post","link":"https:\/\/archive.sana.sy\/tr\/?p=83914","title":{"rendered":"Kurbanlar\u0131n Aras\u0131nda Yine Kad\u0131n ve \u00c7ocuklar Var"},"content":{"rendered":"<p>HALEP \u2013 Eli kanl\u0131 ter\u00f6r \u00f6rg\u00fctlerin sivil yerle\u015fim alanlar\u0131na devam eden f\u00fcze sald\u0131r\u0131lar\u0131nda bug\u00fcn kurban giden masum sivillerin aras\u0131nda yine kad\u0131n ve \u00e7ocuklar var.<\/p>\n<p>Halep \u0130l Emniyet M\u00fcd\u00fcrl\u00fc\u011f\u00fcnde bir kaynak SANA\u2019ya a\u00e7\u0131klamas\u0131nda d\u0131\u015f g\u00fc\u00e7lerin talimatlar\u0131yla faaliyet g\u00f6steren ter\u00f6ristlerin bug\u00fcn sabah saatlerinde Halep Kentinin Selahattin Semtine yine geli\u015fig\u00fczel f\u00fcze sald\u0131r\u0131lar\u0131nda bulunduklar\u0131n\u0131 belirtti.<\/p>\n<p>Kaynak sald\u0131r\u0131larda aralar\u0131nda 1 \u00e7ocuk ve 2 kad\u0131n\u0131n bulundu\u011fu 7 sivil vatanda\u015f\u0131n \u015fehit, bir k\u0131sm\u0131 a\u011f\u0131r olmak \u00fczere 9 vatanda\u015f\u0131n da yaraland\u0131\u011f\u0131n\u0131 s\u00f6yledi. Sald\u0131r\u0131larda vatanda\u015flar\u0131n m\u00fclklerinde ciddi maddi hasarlar\u0131n olu\u015ftu\u011funa da dikkat \u00e7eken kaynak; ter\u00f6ristlerin d\u00fcn ayn\u0131 semti hedef alan benzer sald\u0131r\u0131lar\u0131nda 5 vatanda\u015f\u0131n \u015fehit, 9 vatanda\u015f\u0131n da yaral\u0131 d\u00fc\u015ft\u00fc\u011f\u00fcn\u00fc hat\u0131rlatt\u0131.<\/p>\n<p>G\u00fcn\u00fcn ilerleyen saatlerinde bir kez daha SANA\u2019ya a\u00e7\u0131klama yapan kaynak; ter\u00f6ristlerin Selahattin Semtine tekrarlanan f\u00fcze sald\u0131r\u0131lar\u0131nda aralar\u0131nda bir kad\u0131n\u0131n bulundu\u011fu 3 vatanda\u015f\u0131n \u015fehit, 8 vatanda\u015f\u0131n da yaral\u0131 d\u00fc\u015ft\u00fcklerini aktard\u0131.<\/p>\n<p>R.M<\/p>\n","protected":false},"excerpt":{"rendered":"<p>HALEP \u2013 Eli kanl\u0131 ter\u00f6r \u00f6rg\u00fctlerin sivil yerle\u015fim alanlar\u0131na devam eden f\u00fcze sald\u0131r\u0131lar\u0131nda bug\u00fcn kurban giden masum sivillerin aras\u0131nda yine kad\u0131n ve \u00e7ocuklar var. Halep \u0130l Emniyet M\u00fcd\u00fcrl\u00fc\u011f\u00fcnde bir kaynak SANA\u2019ya a\u00e7\u0131klamas\u0131nda d\u0131\u015f g\u00fc\u00e7lerin talimatlar\u0131yla faaliyet g\u00f6steren ter\u00f6ristlerin bug\u00fcn sabah saatlerinde Halep Kentinin Selahattin Semtine yine geli\u015fig\u00fczel f\u00fcze sald\u0131r\u0131lar\u0131nda bulunduklar\u0131n\u0131 belirtti. Kaynak sald\u0131r\u0131larda aralar\u0131nda 1 &hellip;<\/p>\n","protected":false},"author":1,"featured_media":83923,"comment_status":"closed","ping_status":"closed","sticky":false,"template":"","format":"standard","meta":{"footnotes":""},"categories":[479,575,17988,478],"tags":[17606,23254,23256,22182,23255,22642,20510],"class_list":["post-83914","post","type-post","status-publish","format-standard","has-post-thumbnail","","category-haberler-yerel","category-olaylar-ve-gercekler","category-son-haberler","category-yerel","tag-fuze-saldirilari","tag-halepte-olaylar","tag-kurban-giden-masum-siviller","tag-suriyede-savas","tag-suriyede-teror-orgutleri","tag-suriyedeki-gercekler","tag-teror-saldirilari"],"_links":{"self":[{"href":"https:\/\/archive.sana.sy\/tr\/index.php?rest_route=\/wp\/v2\/posts\/83914","targetHints":{"allow":["GET"]}}],"collection":[{"href":"https:\/\/archive.sana.sy\/tr\/index.php?rest_route=\/wp\/v2\/posts"}],"about":[{"href":"https:\/\/archive.sana.sy\/tr\/index.php?rest_route=\/wp\/v2\/types\/post"}],"author":[{"embeddable":true,"href":"https:\/\/archive.sana.sy\/tr\/index.php?rest_route=\/wp\/v2\/users\/1"}],"replies":[{"embeddable":true,"href":"https:\/\/archive.sana.sy\/tr\/index.php?rest_route=%2Fwp%2Fv2%2Fcomments&post=83914"}],"version-history":[{"count":0,"href":"https:\/\/archive.sana.sy\/tr\/index.php?rest_route=\/wp\/v2\/posts\/83914\/revisions"}],"wp:featuredmedia":[{"embeddable":true,"href":"https:\/\/archive.sana.sy\/tr\/index.php?rest_route=\/wp\/v2\/media\/83923"}],"wp:attachment":[{"href":"https:\/\/archive.sana.sy\/tr\/index.php?rest_route=%2Fwp%2Fv2%2Fmedia&parent=83914"}],"wp:term":[{"taxonomy":"category","embeddable":true,"href":"https:\/\/archive.sana.sy\/tr\/index.php?rest_route=%2Fwp%2Fv2%2Fcategories&post=83914"},{"taxonomy":"post_tag","embeddable":true,"href":"https:\/\/archive.sana.sy\/tr\/index.php?rest_route=%2Fwp%2Fv2%2Ftags&post=83914"}],"curies":[{"name":"wp","href":"https:\/\/api.w.org\/{rel}","templated":true}]}}