{"id":83937,"date":"2016-08-17T13:47:22","date_gmt":"2016-08-17T10:47:22","guid":{"rendered":"http:\/\/www.sana.sy\/tr\/?p=83937"},"modified":"2016-08-19T11:22:45","modified_gmt":"2016-08-19T08:22:45","slug":"140-kanun-kacagi-af-kararindan-faydalandi","status":"publish","type":"post","link":"https:\/\/archive.sana.sy\/tr\/?p=83937","title":{"rendered":"140 Kanun Ka\u00e7a\u011f\u0131 Af Karar\u0131ndan Faydaland\u0131"},"content":{"rendered":"<p>HOMS \u2013 Homs Kentinin bir k\u0131s\u0131m semtlerine ilaveten il k\u0131rsal\u0131n\u0131n Telbise, Resten ve Hasya b\u00f6lgelerinde muhtelif \u015fekillerde olaylara kar\u0131\u015fan 140 kanun ka\u00e7a\u011f\u0131 bug\u00fcn silahlar\u0131yla birlikte g\u00fcvenlik kurumlar\u0131na teslim oldular.<\/p>\n<p>Homs Valili\u011finde yetkili bir kaynak SANA\u2019ya a\u00e7\u0131klamas\u0131nda ulusal uzla\u015fma \u00e7abalar\u0131 kapsam\u0131nda 2016\/15 say\u0131l\u0131 af karar\u0131ndan faydalanmak \u00fczere teslim olan kanun ka\u00e7aklar\u0131n\u0131n derhal kanuni durumlar\u0131n\u0131n yeniden d\u00fczenlenip serbest b\u0131rak\u0131ld\u0131klar\u0131n\u0131 belirtti.<\/p>\n","protected":false},"excerpt":{"rendered":"<p>HOMS \u2013 Homs Kentinin bir k\u0131s\u0131m semtlerine ilaveten il k\u0131rsal\u0131n\u0131n Telbise, Resten ve Hasya b\u00f6lgelerinde muhtelif \u015fekillerde olaylara kar\u0131\u015fan 140 kanun ka\u00e7a\u011f\u0131 bug\u00fcn silahlar\u0131yla birlikte g\u00fcvenlik kurumlar\u0131na teslim oldular. Homs Valili\u011finde yetkili bir kaynak SANA\u2019ya a\u00e7\u0131klamas\u0131nda ulusal uzla\u015fma \u00e7abalar\u0131 kapsam\u0131nda 2016\/15 say\u0131l\u0131 af karar\u0131ndan faydalanmak \u00fczere teslim olan kanun ka\u00e7aklar\u0131n\u0131n derhal kanuni durumlar\u0131n\u0131n yeniden d\u00fczenlenip &hellip;<\/p>\n","protected":false},"author":1,"featured_media":83941,"comment_status":"closed","ping_status":"closed","sticky":false,"template":"","format":"standard","meta":{"footnotes":""},"categories":[479,575,17988,478],"tags":[23259,18363,18237,20334,17079,11549,19043],"class_list":["post-83937","post","type-post","status-publish","format-standard","has-post-thumbnail","","category-haberler-yerel","category-olaylar-ve-gercekler","category-son-haberler","category-yerel","tag-140-kanun-kacagi-af-kararindan-faydalandi","tag-af-karari","tag-cihatcilar","tag-serebst-birakilanlar","tag-silahlariyla-teslim-oldu","tag-suriye-ordusu","tag-suriyede-son-durum"],"_links":{"self":[{"href":"https:\/\/archive.sana.sy\/tr\/index.php?rest_route=\/wp\/v2\/posts\/83937","targetHints":{"allow":["GET"]}}],"collection":[{"href":"https:\/\/archive.sana.sy\/tr\/index.php?rest_route=\/wp\/v2\/posts"}],"about":[{"href":"https:\/\/archive.sana.sy\/tr\/index.php?rest_route=\/wp\/v2\/types\/post"}],"author":[{"embeddable":true,"href":"https:\/\/archive.sana.sy\/tr\/index.php?rest_route=\/wp\/v2\/users\/1"}],"replies":[{"embeddable":true,"href":"https:\/\/archive.sana.sy\/tr\/index.php?rest_route=%2Fwp%2Fv2%2Fcomments&post=83937"}],"version-history":[{"count":0,"href":"https:\/\/archive.sana.sy\/tr\/index.php?rest_route=\/wp\/v2\/posts\/83937\/revisions"}],"wp:featuredmedia":[{"embeddable":true,"href":"https:\/\/archive.sana.sy\/tr\/index.php?rest_route=\/wp\/v2\/media\/83941"}],"wp:attachment":[{"href":"https:\/\/archive.sana.sy\/tr\/index.php?rest_route=%2Fwp%2Fv2%2Fmedia&parent=83937"}],"wp:term":[{"taxonomy":"category","embeddable":true,"href":"https:\/\/archive.sana.sy\/tr\/index.php?rest_route=%2Fwp%2Fv2%2Fcategories&post=83937"},{"taxonomy":"post_tag","embeddable":true,"href":"https:\/\/archive.sana.sy\/tr\/index.php?rest_route=%2Fwp%2Fv2%2Ftags&post=83937"}],"curies":[{"name":"wp","href":"https:\/\/api.w.org\/{rel}","templated":true}]}}