{"id":83939,"date":"2016-08-17T11:13:29","date_gmt":"2016-08-17T08:13:29","guid":{"rendered":"http:\/\/www.sana.sy\/tr\/?p=83939"},"modified":"2016-08-17T14:20:46","modified_gmt":"2016-08-17T11:20:46","slug":"askeri-kaynak-sanaya-aciklamasinda-hava-guclerimiz-ve-topcu-birliklerimizin-bugun-halepte-askeri-akademiler-civarlarinin-yani-sira-rahbet-marata-dahrat-el-serfa-daret-ezza-mansura","status":"publish","type":"post","link":"https:\/\/archive.sana.sy\/tr\/?p=83939","title":{"rendered":"Askeri kaynak SANA\u2019ya a\u00e7\u0131klamas\u0131nda hava g\u00fc\u00e7lerimiz ve top\u00e7u birliklerimizin bug\u00fcn Halep\u2019te askeri akademiler civarlar\u0131n\u0131n yan\u0131 s\u0131ra Rahbet Marata, Dahrat el \u015eerfa, Daret Ezza, Mansura, Kefarnaha ve Etarib b\u00f6lgelerinde d\u0131\u015f g\u00fc\u00e7lerin patronajl\u0131\u011f\u0131nda faaliyet g\u00f6steren ter\u00f6ristlerin mevki ve hareket eksenlerini yo\u011fun ate\u015fe tuttuklar\u0131n\u0131 belirtti."},"content":{"rendered":"<p>Askeri kaynak SANA\u2019ya a\u00e7\u0131klamas\u0131nda hava g\u00fc\u00e7lerimiz ve top\u00e7u birliklerimizin bug\u00fcn Halep\u2019te askeri akademiler civarlar\u0131n\u0131n yan\u0131 s\u0131ra Rahbet Marata, Dahrat el \u015eerfa, Daret Ezza, Mansura, Kefarnaha ve Etarib b\u00f6lgelerinde d\u0131\u015f g\u00fc\u00e7lerin patronajl\u0131\u011f\u0131nda faaliyet g\u00f6steren ter\u00f6ristlerin mevki ve hareket eksenlerini yo\u011fun ate\u015fe tuttuklar\u0131n\u0131 belirtti.<\/p>\n","protected":false},"excerpt":{"rendered":"<p>Askeri kaynak SANA\u2019ya a\u00e7\u0131klamas\u0131nda hava g\u00fc\u00e7lerimiz ve top\u00e7u birliklerimizin bug\u00fcn Halep\u2019te askeri akademiler civarlar\u0131n\u0131n yan\u0131 s\u0131ra Rahbet Marata, Dahrat el \u015eerfa, Daret Ezza, Mansura, Kefarnaha ve Etarib b\u00f6lgelerinde d\u0131\u015f g\u00fc\u00e7lerin patronajl\u0131\u011f\u0131nda faaliyet g\u00f6steren ter\u00f6ristlerin mevki ve hareket eksenlerini yo\u011fun ate\u015fe tuttuklar\u0131n\u0131 belirtti.<\/p>\n","protected":false},"author":1,"featured_media":0,"comment_status":"closed","ping_status":"closed","sticky":false,"template":"","format":"standard","meta":{"footnotes":""},"categories":[17991],"tags":[],"class_list":["post-83939","post","type-post","status-publish","format-standard","","category-son-dakika"],"_links":{"self":[{"href":"https:\/\/archive.sana.sy\/tr\/index.php?rest_route=\/wp\/v2\/posts\/83939","targetHints":{"allow":["GET"]}}],"collection":[{"href":"https:\/\/archive.sana.sy\/tr\/index.php?rest_route=\/wp\/v2\/posts"}],"about":[{"href":"https:\/\/archive.sana.sy\/tr\/index.php?rest_route=\/wp\/v2\/types\/post"}],"author":[{"embeddable":true,"href":"https:\/\/archive.sana.sy\/tr\/index.php?rest_route=\/wp\/v2\/users\/1"}],"replies":[{"embeddable":true,"href":"https:\/\/archive.sana.sy\/tr\/index.php?rest_route=%2Fwp%2Fv2%2Fcomments&post=83939"}],"version-history":[{"count":0,"href":"https:\/\/archive.sana.sy\/tr\/index.php?rest_route=\/wp\/v2\/posts\/83939\/revisions"}],"wp:attachment":[{"href":"https:\/\/archive.sana.sy\/tr\/index.php?rest_route=%2Fwp%2Fv2%2Fmedia&parent=83939"}],"wp:term":[{"taxonomy":"category","embeddable":true,"href":"https:\/\/archive.sana.sy\/tr\/index.php?rest_route=%2Fwp%2Fv2%2Fcategories&post=83939"},{"taxonomy":"post_tag","embeddable":true,"href":"https:\/\/archive.sana.sy\/tr\/index.php?rest_route=%2Fwp%2Fv2%2Ftags&post=83939"}],"curies":[{"name":"wp","href":"https:\/\/api.w.org\/{rel}","templated":true}]}}