{"id":83946,"date":"2016-08-17T11:46:12","date_gmt":"2016-08-17T08:46:12","guid":{"rendered":"http:\/\/www.sana.sy\/tr\/?p=83946"},"modified":"2016-08-17T14:29:14","modified_gmt":"2016-08-17T11:29:14","slug":"askeri-kaynak-ordu-birliklerimizin-deyrezzor-kirsalinin-cafra-ve-bgayliye-bolgelerinde-isid-mevkileri-ve-araclarini-hedef-alan-operasyonlarinda-cok-sayida-teroristi-arac-ve-cephaneleri-ile-birlikte-et","status":"publish","type":"post","link":"https:\/\/archive.sana.sy\/tr\/?p=83946","title":{"rendered":"Askeri kaynak ordu birliklerimizin Deyrezzor k\u0131rsal\u0131n\u0131n Cafra ve B\u011fayliye b\u00f6lgelerinde I\u015e\u0130D mevkileri ve ara\u00e7lar\u0131n\u0131 hedef alan operasyonlar\u0131nda \u00e7ok say\u0131da ter\u00f6risti ara\u00e7 ve cephaneleri ile birlikte etkisiz hale getirdiklerini belirtti."},"content":{"rendered":"<p>Askeri kaynak ordu birliklerimizin Deyrezzor k\u0131rsal\u0131n\u0131n Cafra ve B\u011fayliye b\u00f6lgelerinde I\u015e\u0130D mevkileri ve ara\u00e7lar\u0131n\u0131 hedef alan operasyonlar\u0131nda \u00e7ok say\u0131da ter\u00f6risti ara\u00e7 ve cephaneleri ile birlikte etkisiz hale getirdiklerini belirtti.<\/p>\n","protected":false},"excerpt":{"rendered":"<p>Askeri kaynak ordu birliklerimizin Deyrezzor k\u0131rsal\u0131n\u0131n Cafra ve B\u011fayliye b\u00f6lgelerinde I\u015e\u0130D mevkileri ve ara\u00e7lar\u0131n\u0131 hedef alan operasyonlar\u0131nda \u00e7ok say\u0131da ter\u00f6risti ara\u00e7 ve cephaneleri ile birlikte etkisiz hale getirdiklerini belirtti.<\/p>\n","protected":false},"author":1,"featured_media":0,"comment_status":"closed","ping_status":"closed","sticky":false,"template":"","format":"standard","meta":{"footnotes":""},"categories":[17991],"tags":[],"class_list":["post-83946","post","type-post","status-publish","format-standard","","category-son-dakika"],"_links":{"self":[{"href":"https:\/\/archive.sana.sy\/tr\/index.php?rest_route=\/wp\/v2\/posts\/83946","targetHints":{"allow":["GET"]}}],"collection":[{"href":"https:\/\/archive.sana.sy\/tr\/index.php?rest_route=\/wp\/v2\/posts"}],"about":[{"href":"https:\/\/archive.sana.sy\/tr\/index.php?rest_route=\/wp\/v2\/types\/post"}],"author":[{"embeddable":true,"href":"https:\/\/archive.sana.sy\/tr\/index.php?rest_route=\/wp\/v2\/users\/1"}],"replies":[{"embeddable":true,"href":"https:\/\/archive.sana.sy\/tr\/index.php?rest_route=%2Fwp%2Fv2%2Fcomments&post=83946"}],"version-history":[{"count":0,"href":"https:\/\/archive.sana.sy\/tr\/index.php?rest_route=\/wp\/v2\/posts\/83946\/revisions"}],"wp:attachment":[{"href":"https:\/\/archive.sana.sy\/tr\/index.php?rest_route=%2Fwp%2Fv2%2Fmedia&parent=83946"}],"wp:term":[{"taxonomy":"category","embeddable":true,"href":"https:\/\/archive.sana.sy\/tr\/index.php?rest_route=%2Fwp%2Fv2%2Fcategories&post=83946"},{"taxonomy":"post_tag","embeddable":true,"href":"https:\/\/archive.sana.sy\/tr\/index.php?rest_route=%2Fwp%2Fv2%2Ftags&post=83946"}],"curies":[{"name":"wp","href":"https:\/\/api.w.org\/{rel}","templated":true}]}}