{"id":83949,"date":"2016-08-17T12:35:38","date_gmt":"2016-08-17T09:35:38","guid":{"rendered":"http:\/\/www.sana.sy\/tr\/?p=83949"},"modified":"2016-08-18T14:43:56","modified_gmt":"2016-08-18T11:43:56","slug":"suriye-ve-halkina-dusman-dis-taraflara-tabi-teroristlerin-agir-kayiplari-devam-ediyor","status":"publish","type":"post","link":"https:\/\/archive.sana.sy\/tr\/?p=83949","title":{"rendered":"Suriye ve Halk\u0131na D\u00fc\u015fman D\u0131\u015f Taraflara Tabi Ter\u00f6ristlerin A\u011f\u0131r Kay\u0131plar\u0131 Devam Ediyor"},"content":{"rendered":"<p>\u0130LLER \u2013 Hava g\u00fc\u00e7lerimiz ve top\u00e7u birliklerimizin deste\u011fi ile \u00e7okuluslu tekfirci ter\u00f6ristlere y\u00f6nelik yo\u011fun operasyonlar\u0131n\u0131 s\u00fcrd\u00fcren ordu birliklerimiz bug\u00fcn Suriye ve halk\u0131na d\u00fc\u015fman d\u0131\u015f taraflar\u0131n ajandalar\u0131n\u0131 hayata ge\u00e7irmeye \u00e7al\u0131\u015fan bu \u00f6rg\u00fctleri yine ciddi kay\u0131plara u\u011fratt\u0131.<\/p>\n<p><span style=\"color: #0000ff\">HALEP:<\/span><\/p>\n<p>Askeri kaynak SANA\u2019ya a\u00e7\u0131klamas\u0131nda hava g\u00fc\u00e7lerimiz ve top\u00e7u birliklerimizin bug\u00fcn Halep\u2019te askeri akademiler civarlar\u0131n\u0131n yan\u0131 s\u0131ra Rahbet Marata, Dahrat el \u015eerfa, Daret Ezza, Mansura, Kefarnaha ve Etarib b\u00f6lgelerinde d\u0131\u015f g\u00fc\u00e7lerin patronajl\u0131\u011f\u0131nda faaliyet g\u00f6steren ter\u00f6ristlerin mevki ve hareket eksenlerini yo\u011fun ate\u015fe tuttuklar\u0131n\u0131 belirtti.<\/p>\n<p>Kaynak operasyonlarda aralar\u0131nda tehlikeli isimlerin bulundu\u011fu olduk\u00e7a y\u00fcksek say\u0131da ter\u00f6ristin \u00f6ld\u00fcr\u00fcld\u00fc\u011f\u00fcn\u00fc ifade eden kaynak; bir k\u0131sm\u0131 a\u011f\u0131r silahlarla donat\u0131lm\u0131\u015f cephane ve ter\u00f6rist y\u00fckl\u00fc bir\u00e7ok pikap ve z\u0131rhl\u0131 arac\u0131n da imha edildi\u011fini aktard\u0131.<\/p>\n<p>Halep Kentinin \u015eear; Ansari, Kad\u0131 Asker ve Kastal Harami semtlerinde de ter\u00f6ristlerin mevki ve ara\u00e7lar\u0131n\u0131n imha edildi\u011fini s\u00f6yleyen kaynak; buralarda da tekfircilerin b\u00fcy\u00fck kay\u0131plara u\u011frat\u0131ld\u0131klar\u0131n\u0131 s\u00f6zlerine ekledi.<\/p>\n<p>Kaynak top\u00e7u birliklerimizin Halep kentinin yakla\u015f\u0131k 52 km do\u011fusunda yer alan Deyr Hafir B\u00f6lgesinde ter\u00f6ristlerin mevki ve hareketlenmelerini yo\u011fun ate\u015fe tuttuklar\u0131n\u0131 aktar\u0131rken, bir z\u0131rhl\u0131 ara\u00e7lar\u0131 ve cephane y\u00fckl\u00fc 2 ara\u00e7la birlikte bir\u00e7ok tekfircinin imha edildiklerini belirtti.<\/p>\n<p><span style=\"color: #0000ff\">DEYREZZOR:<\/span><\/p>\n<p>Di\u011fer yandan askeri kaynak ordu birliklerimizin Deyrezzor k\u0131rsal\u0131n\u0131n Cafra ve B\u011fayliye b\u00f6lgelerinde I\u015e\u0130D mevkileri ve ara\u00e7lar\u0131n\u0131 hedef alan operasyonlar\u0131nda \u00e7ok say\u0131da ter\u00f6risti ara\u00e7 ve cephaneleri ile birlikte etkisiz hale getirdiklerini belirtti.<\/p>\n<p>Deyrezzor Havaliman\u0131na bakan Serda Da\u011f\u0131na ek olarak Hatla ve Huveycet Sak\u0131r b\u00f6lgelerinde de tekfircilerin yo\u011fun ate\u015fe tutulduklar\u0131n\u0131 s\u00f6yleyen kaynak, bir k\u0131sm\u0131 a\u011f\u0131r silahlarla donat\u0131lm\u0131\u015f ara\u00e7larla birlikte bir\u00e7ok ter\u00f6ristin \u00f6l\u00fc yaral\u0131 d\u00fc\u015f\u00fcr\u00fcld\u00fc\u011f\u00fcn\u00fc s\u00f6zlerine ekledi.<\/p>\n<p><span style=\"color: #0000ff\">HOMS:<\/span><\/p>\n<p>Homs k\u0131rsal\u0131n\u0131n do\u011fusunda ise askeri kaynak ordu birliklerimizin Cub el Cerrah\u2019\u0131n kuzeydo\u011fu y\u00f6n\u00fcnde s\u0131zma giri\u015fiminde bulunan I\u015e\u0130D tekfircileriyle \u00e7at\u0131\u015fmaya girerek onlar\u0131 ekipmanlar\u0131yla birlikte tamamen etkisiz hale getirdiklerini ifade etti.<\/p>\n<p><span style=\"color: #0000ff\">S\u00dcVEYDA:<\/span><\/p>\n<p>Askeri kaynak ordu birliklerimizin S\u00fcveyda k\u0131rsal\u0131n\u0131n do\u011fusu G\u00fcney tel E\u015fhiyb B\u00f6lgesinde a\u011f\u0131r silahla donat\u0131lm\u0131\u015f I\u015e\u0130D\u2019li bir arac\u0131 ter\u00f6rist ekibiyle birlikte imha ettiklerini kaydetti.<\/p>\n<p>S\u00fcveyda k\u0131rsal\u0131n\u0131n g\u00fcneybat\u0131s\u0131 Sammad b\u00f6lgesinde de tekfirci ter\u00f6ristlerin ordu birliklerimiz taraf\u0131ndan yo\u011fun ate\u015fe tutulduklar\u0131n\u0131 s\u00f6yleyen kaynak; 3 arac\u0131n tamamen imha edildi\u011fini, bir k\u0131s\u0131m ara\u00e7lar\u0131n sabote edildi\u011fi ve \u00e7ok say\u0131da ter\u00f6ristin de \u00f6ld\u00fcr\u00fcld\u00fc\u011f\u00fcn\u00fc s\u00f6zlerine ekledi.<\/p>\n","protected":false},"excerpt":{"rendered":"<p>\u0130LLER \u2013 Hava g\u00fc\u00e7lerimiz ve top\u00e7u birliklerimizin deste\u011fi ile \u00e7okuluslu tekfirci ter\u00f6ristlere y\u00f6nelik yo\u011fun operasyonlar\u0131n\u0131 s\u00fcrd\u00fcren ordu birliklerimiz bug\u00fcn Suriye ve halk\u0131na d\u00fc\u015fman d\u0131\u015f taraflar\u0131n ajandalar\u0131n\u0131 hayata ge\u00e7irmeye \u00e7al\u0131\u015fan bu \u00f6rg\u00fctleri yine ciddi kay\u0131plara u\u011fratt\u0131. HALEP: Askeri kaynak SANA\u2019ya a\u00e7\u0131klamas\u0131nda hava g\u00fc\u00e7lerimiz ve top\u00e7u birliklerimizin bug\u00fcn Halep\u2019te askeri akademiler civarlar\u0131n\u0131n yan\u0131 s\u0131ra Rahbet Marata, Dahrat &hellip;<\/p>\n","protected":false},"author":1,"featured_media":83951,"comment_status":"closed","ping_status":"closed","sticky":false,"template":"","format":"standard","meta":{"footnotes":""},"categories":[575,17988],"tags":[3464,18365,18237,18576,15787,21585,2318,15945,18347,18674,11549,19043,23260,17320,18604],"class_list":["post-83949","post","type-post","status-publish","format-standard","has-post-thumbnail","","category-olaylar-ve-gercekler","category-son-haberler","tag-nusra-cephesi","tag-ahrar-el-sam","tag-cihatcilar","tag-daes","tag-fetih-ordusu","tag-halepte-son-durum","tag-isid","tag-ilimli-muhalifler","tag-oso","tag-silahli-muhalifler","tag-suriye-ordusu","tag-suriyede-son-durum","tag-suriyedeki-gelismeler","tag-tekfirciler","tag-terore-karsi-savas"],"_links":{"self":[{"href":"https:\/\/archive.sana.sy\/tr\/index.php?rest_route=\/wp\/v2\/posts\/83949","targetHints":{"allow":["GET"]}}],"collection":[{"href":"https:\/\/archive.sana.sy\/tr\/index.php?rest_route=\/wp\/v2\/posts"}],"about":[{"href":"https:\/\/archive.sana.sy\/tr\/index.php?rest_route=\/wp\/v2\/types\/post"}],"author":[{"embeddable":true,"href":"https:\/\/archive.sana.sy\/tr\/index.php?rest_route=\/wp\/v2\/users\/1"}],"replies":[{"embeddable":true,"href":"https:\/\/archive.sana.sy\/tr\/index.php?rest_route=%2Fwp%2Fv2%2Fcomments&post=83949"}],"version-history":[{"count":0,"href":"https:\/\/archive.sana.sy\/tr\/index.php?rest_route=\/wp\/v2\/posts\/83949\/revisions"}],"wp:featuredmedia":[{"embeddable":true,"href":"https:\/\/archive.sana.sy\/tr\/index.php?rest_route=\/wp\/v2\/media\/83951"}],"wp:attachment":[{"href":"https:\/\/archive.sana.sy\/tr\/index.php?rest_route=%2Fwp%2Fv2%2Fmedia&parent=83949"}],"wp:term":[{"taxonomy":"category","embeddable":true,"href":"https:\/\/archive.sana.sy\/tr\/index.php?rest_route=%2Fwp%2Fv2%2Fcategories&post=83949"},{"taxonomy":"post_tag","embeddable":true,"href":"https:\/\/archive.sana.sy\/tr\/index.php?rest_route=%2Fwp%2Fv2%2Ftags&post=83949"}],"curies":[{"name":"wp","href":"https:\/\/api.w.org\/{rel}","templated":true}]}}