{"id":83956,"date":"2016-08-17T11:52:23","date_gmt":"2016-08-17T08:52:23","guid":{"rendered":"http:\/\/www.sana.sy\/tr\/?p=83956"},"modified":"2016-08-17T14:30:36","modified_gmt":"2016-08-17T11:30:36","slug":"deyrezzor-havalimanina-bakan-serda-dagina-ek-olarak-hatla-ve-huveycet-sakir-bolgelerinde-de-tekfircilerin-yogun-atese-tutulduklarini-soyleyen-kaynak-bir-kismi-agir-silahlarla-donatilmis-araclarla-bir","status":"publish","type":"post","link":"https:\/\/archive.sana.sy\/tr\/?p=83956","title":{"rendered":"Deyrezzor Havaliman\u0131na bakan Serda Da\u011f\u0131na ek olarak Hatla ve Huveycet Sak\u0131r b\u00f6lgelerinde de tekfircilerin yo\u011fun ate\u015fe tutulduklar\u0131n\u0131 s\u00f6yleyen kaynak, bir k\u0131sm\u0131 a\u011f\u0131r silahlarla donat\u0131lm\u0131\u015f ara\u00e7larla birlikte bir\u00e7ok ter\u00f6ristin \u00f6l\u00fc yaral\u0131 d\u00fc\u015f\u00fcr\u00fcld\u00fc\u011f\u00fcn\u00fc s\u00f6zlerine ekledi."},"content":{"rendered":"<p>Deyrezzor Havaliman\u0131na bakan Serda Da\u011f\u0131na ek olarak Hatla ve Huveycet Sak\u0131r b\u00f6lgelerinde de tekfircilerin yo\u011fun ate\u015fe tutulduklar\u0131n\u0131 s\u00f6yleyen kaynak, bir k\u0131sm\u0131 a\u011f\u0131r silahlarla donat\u0131lm\u0131\u015f ara\u00e7larla birlikte bir\u00e7ok ter\u00f6ristin \u00f6l\u00fc yaral\u0131 d\u00fc\u015f\u00fcr\u00fcld\u00fc\u011f\u00fcn\u00fc s\u00f6zlerine ekledi.<\/p>\n","protected":false},"excerpt":{"rendered":"<p>Deyrezzor Havaliman\u0131na bakan Serda Da\u011f\u0131na ek olarak Hatla ve Huveycet Sak\u0131r b\u00f6lgelerinde de tekfircilerin yo\u011fun ate\u015fe tutulduklar\u0131n\u0131 s\u00f6yleyen kaynak, bir k\u0131sm\u0131 a\u011f\u0131r silahlarla donat\u0131lm\u0131\u015f ara\u00e7larla birlikte bir\u00e7ok ter\u00f6ristin \u00f6l\u00fc yaral\u0131 d\u00fc\u015f\u00fcr\u00fcld\u00fc\u011f\u00fcn\u00fc s\u00f6zlerine ekledi.<\/p>\n","protected":false},"author":1,"featured_media":0,"comment_status":"closed","ping_status":"closed","sticky":false,"template":"","format":"standard","meta":{"footnotes":""},"categories":[17991],"tags":[],"class_list":["post-83956","post","type-post","status-publish","format-standard","","category-son-dakika"],"_links":{"self":[{"href":"https:\/\/archive.sana.sy\/tr\/index.php?rest_route=\/wp\/v2\/posts\/83956","targetHints":{"allow":["GET"]}}],"collection":[{"href":"https:\/\/archive.sana.sy\/tr\/index.php?rest_route=\/wp\/v2\/posts"}],"about":[{"href":"https:\/\/archive.sana.sy\/tr\/index.php?rest_route=\/wp\/v2\/types\/post"}],"author":[{"embeddable":true,"href":"https:\/\/archive.sana.sy\/tr\/index.php?rest_route=\/wp\/v2\/users\/1"}],"replies":[{"embeddable":true,"href":"https:\/\/archive.sana.sy\/tr\/index.php?rest_route=%2Fwp%2Fv2%2Fcomments&post=83956"}],"version-history":[{"count":0,"href":"https:\/\/archive.sana.sy\/tr\/index.php?rest_route=\/wp\/v2\/posts\/83956\/revisions"}],"wp:attachment":[{"href":"https:\/\/archive.sana.sy\/tr\/index.php?rest_route=%2Fwp%2Fv2%2Fmedia&parent=83956"}],"wp:term":[{"taxonomy":"category","embeddable":true,"href":"https:\/\/archive.sana.sy\/tr\/index.php?rest_route=%2Fwp%2Fv2%2Fcategories&post=83956"},{"taxonomy":"post_tag","embeddable":true,"href":"https:\/\/archive.sana.sy\/tr\/index.php?rest_route=%2Fwp%2Fv2%2Ftags&post=83956"}],"curies":[{"name":"wp","href":"https:\/\/api.w.org\/{rel}","templated":true}]}}