{"id":83957,"date":"2016-08-17T12:19:45","date_gmt":"2016-08-17T09:19:45","guid":{"rendered":"http:\/\/www.sana.sy\/tr\/?p=83957"},"modified":"2016-08-17T14:35:34","modified_gmt":"2016-08-17T11:35:34","slug":"askeri-kaynak-ordu-birliklerimizin-suveyda-kirsalinin-dogusu-guney-tel-eshiyb-bolgesinde-agir-silahla-donatilmis-isidli-bir-araci-terorist-ekibiyle-birlikte-imha-ettiklerini-kaydetti","status":"publish","type":"post","link":"https:\/\/archive.sana.sy\/tr\/?p=83957","title":{"rendered":"Askeri kaynak ordu birliklerimizin S\u00fcveyda k\u0131rsal\u0131n\u0131n do\u011fusu G\u00fcney tel E\u015fhiyb B\u00f6lgesinde a\u011f\u0131r silahla donat\u0131lm\u0131\u015f I\u015e\u0130D\u2019li bir arac\u0131 ter\u00f6rist ekibiyle birlikte imha ettiklerini kaydetti."},"content":{"rendered":"<p>Askeri kaynak ordu birliklerimizin S\u00fcveyda k\u0131rsal\u0131n\u0131n do\u011fusu G\u00fcney tel E\u015fhiyb B\u00f6lgesinde a\u011f\u0131r silahla donat\u0131lm\u0131\u015f I\u015e\u0130D\u2019li bir arac\u0131 ter\u00f6rist ekibiyle birlikte imha ettiklerini kaydetti.<\/p>\n","protected":false},"excerpt":{"rendered":"<p>Askeri kaynak ordu birliklerimizin S\u00fcveyda k\u0131rsal\u0131n\u0131n do\u011fusu G\u00fcney tel E\u015fhiyb B\u00f6lgesinde a\u011f\u0131r silahla donat\u0131lm\u0131\u015f I\u015e\u0130D\u2019li bir arac\u0131 ter\u00f6rist ekibiyle birlikte imha ettiklerini kaydetti.<\/p>\n","protected":false},"author":1,"featured_media":0,"comment_status":"closed","ping_status":"closed","sticky":false,"template":"","format":"standard","meta":{"footnotes":""},"categories":[17991],"tags":[],"class_list":["post-83957","post","type-post","status-publish","format-standard","","category-son-dakika"],"_links":{"self":[{"href":"https:\/\/archive.sana.sy\/tr\/index.php?rest_route=\/wp\/v2\/posts\/83957","targetHints":{"allow":["GET"]}}],"collection":[{"href":"https:\/\/archive.sana.sy\/tr\/index.php?rest_route=\/wp\/v2\/posts"}],"about":[{"href":"https:\/\/archive.sana.sy\/tr\/index.php?rest_route=\/wp\/v2\/types\/post"}],"author":[{"embeddable":true,"href":"https:\/\/archive.sana.sy\/tr\/index.php?rest_route=\/wp\/v2\/users\/1"}],"replies":[{"embeddable":true,"href":"https:\/\/archive.sana.sy\/tr\/index.php?rest_route=%2Fwp%2Fv2%2Fcomments&post=83957"}],"version-history":[{"count":0,"href":"https:\/\/archive.sana.sy\/tr\/index.php?rest_route=\/wp\/v2\/posts\/83957\/revisions"}],"wp:attachment":[{"href":"https:\/\/archive.sana.sy\/tr\/index.php?rest_route=%2Fwp%2Fv2%2Fmedia&parent=83957"}],"wp:term":[{"taxonomy":"category","embeddable":true,"href":"https:\/\/archive.sana.sy\/tr\/index.php?rest_route=%2Fwp%2Fv2%2Fcategories&post=83957"},{"taxonomy":"post_tag","embeddable":true,"href":"https:\/\/archive.sana.sy\/tr\/index.php?rest_route=%2Fwp%2Fv2%2Ftags&post=83957"}],"curies":[{"name":"wp","href":"https:\/\/api.w.org\/{rel}","templated":true}]}}