{"id":83963,"date":"2016-08-17T12:36:16","date_gmt":"2016-08-17T09:36:16","guid":{"rendered":"http:\/\/www.sana.sy\/tr\/?p=83963"},"modified":"2016-08-17T14:40:54","modified_gmt":"2016-08-17T11:40:54","slug":"suveyda-kirsalinin-guneybatisi-sammad-bolgesinde-tekfirci-teroristlerin-ordu-birliklerimiz-tarafindan-yogun-atese-tutulduklarini-soyleyen-kaynak-3-aracin-tamamen-imha-edildigini-bir-kisim-araclarin","status":"publish","type":"post","link":"https:\/\/archive.sana.sy\/tr\/?p=83963","title":{"rendered":"S\u00fcveyda k\u0131rsal\u0131n\u0131n g\u00fcneybat\u0131s\u0131 Sammad B\u00f6lgesinde tekfirci ter\u00f6ristlerin ordu birliklerimiz taraf\u0131ndan yo\u011fun ate\u015fe tutulduklar\u0131n\u0131 s\u00f6yleyen kaynak; 3 arac\u0131n tamamen imha edildi\u011fini, bir k\u0131s\u0131m ara\u00e7lar\u0131n sabote edildi\u011fi ve \u00e7ok say\u0131da ter\u00f6ristin de \u00f6ld\u00fcr\u00fcld\u00fc\u011f\u00fcn\u00fc s\u00f6zlerine ekledi."},"content":{"rendered":"<p>S\u00fcveyda k\u0131rsal\u0131n\u0131n g\u00fcneybat\u0131s\u0131 Sammad B\u00f6lgesinde tekfirci ter\u00f6ristlerin ordu birliklerimiz taraf\u0131ndan yo\u011fun ate\u015fe tutulduklar\u0131n\u0131 s\u00f6yleyen kaynak; 3 arac\u0131n tamamen imha edildi\u011fini, bir k\u0131s\u0131m ara\u00e7lar\u0131n sabote edildi\u011fi ve \u00e7ok say\u0131da ter\u00f6ristin de \u00f6ld\u00fcr\u00fcld\u00fc\u011f\u00fcn\u00fc s\u00f6zlerine ekledi.<\/p>\n","protected":false},"excerpt":{"rendered":"<p>S\u00fcveyda k\u0131rsal\u0131n\u0131n g\u00fcneybat\u0131s\u0131 Sammad B\u00f6lgesinde tekfirci ter\u00f6ristlerin ordu birliklerimiz taraf\u0131ndan yo\u011fun ate\u015fe tutulduklar\u0131n\u0131 s\u00f6yleyen kaynak; 3 arac\u0131n tamamen imha edildi\u011fini, bir k\u0131s\u0131m ara\u00e7lar\u0131n sabote edildi\u011fi ve \u00e7ok say\u0131da ter\u00f6ristin de \u00f6ld\u00fcr\u00fcld\u00fc\u011f\u00fcn\u00fc s\u00f6zlerine ekledi.<\/p>\n","protected":false},"author":1,"featured_media":0,"comment_status":"closed","ping_status":"closed","sticky":false,"template":"","format":"standard","meta":{"footnotes":""},"categories":[17991],"tags":[],"class_list":["post-83963","post","type-post","status-publish","format-standard","","category-son-dakika"],"_links":{"self":[{"href":"https:\/\/archive.sana.sy\/tr\/index.php?rest_route=\/wp\/v2\/posts\/83963","targetHints":{"allow":["GET"]}}],"collection":[{"href":"https:\/\/archive.sana.sy\/tr\/index.php?rest_route=\/wp\/v2\/posts"}],"about":[{"href":"https:\/\/archive.sana.sy\/tr\/index.php?rest_route=\/wp\/v2\/types\/post"}],"author":[{"embeddable":true,"href":"https:\/\/archive.sana.sy\/tr\/index.php?rest_route=\/wp\/v2\/users\/1"}],"replies":[{"embeddable":true,"href":"https:\/\/archive.sana.sy\/tr\/index.php?rest_route=%2Fwp%2Fv2%2Fcomments&post=83963"}],"version-history":[{"count":0,"href":"https:\/\/archive.sana.sy\/tr\/index.php?rest_route=\/wp\/v2\/posts\/83963\/revisions"}],"wp:attachment":[{"href":"https:\/\/archive.sana.sy\/tr\/index.php?rest_route=%2Fwp%2Fv2%2Fmedia&parent=83963"}],"wp:term":[{"taxonomy":"category","embeddable":true,"href":"https:\/\/archive.sana.sy\/tr\/index.php?rest_route=%2Fwp%2Fv2%2Fcategories&post=83963"},{"taxonomy":"post_tag","embeddable":true,"href":"https:\/\/archive.sana.sy\/tr\/index.php?rest_route=%2Fwp%2Fv2%2Ftags&post=83963"}],"curies":[{"name":"wp","href":"https:\/\/api.w.org\/{rel}","templated":true}]}}