{"id":83978,"date":"2016-08-17T15:42:04","date_gmt":"2016-08-17T12:42:04","guid":{"rendered":"http:\/\/www.sana.sy\/tr\/?p=83978"},"modified":"2016-08-19T11:22:41","modified_gmt":"2016-08-19T08:22:41","slug":"gurbetcilerden-ekonomiye-ve-orduya-destek","status":"publish","type":"post","link":"https:\/\/archive.sana.sy\/tr\/?p=83978","title":{"rendered":"Gurbet\u00e7ilerden Ekonomiye ve Orduya Destek"},"content":{"rendered":"<p>\u015eAM \u2013 Anavatanlar\u0131 Suriye&#8217;yi ziyaret etmekte olan Var\u015fova Toplulu\u011fu gurbet\u00e7iler heyeti bug\u00fcn ulusal ekonomiye destek ve Suriye&#8217;ye uygulanan ekonomik yapt\u0131r\u0131mlar\u0131n kald\u0131r\u0131lmas\u0131na katk\u0131 sa\u011flama amac\u0131yla Ticaret Bankas\u0131 Genel M\u00fcd\u00fcr\u00fc Firas Selman ile bir araya geldi.<\/p>\n<p><a href=\"http:\/\/www.sana.sy\/tr\/wp-content\/uploads\/2016\/08\/gurbet\u00e7iler-hayeti-2.jpg\"><img loading=\"lazy\" decoding=\"async\" class=\"alignright wp-image-83982 size-medium\" src=\"http:\/\/www.sana.sy\/tr\/wp-content\/uploads\/2016\/08\/gurbet\u00e7iler-hayeti-2-300x190.jpg\" alt=\"gurbet\u00e7iler hayeti 2\" width=\"300\" height=\"190\" srcset=\"https:\/\/archive.sana.sy\/tr\/wp-content\/uploads\/2016\/08\/gurbet\u00e7iler-hayeti-2-300x190.jpg 300w, https:\/\/archive.sana.sy\/tr\/wp-content\/uploads\/2016\/08\/gurbet\u00e7iler-hayeti-2-150x95.jpg 150w, https:\/\/archive.sana.sy\/tr\/wp-content\/uploads\/2016\/08\/gurbet\u00e7iler-hayeti-2-768x486.jpg 768w, https:\/\/archive.sana.sy\/tr\/wp-content\/uploads\/2016\/08\/gurbet\u00e7iler-hayeti-2-1024x648.jpg 1024w\" sizes=\"auto, (max-width: 300px) 100vw, 300px\" \/><\/a>G\u00f6r\u00fc\u015fmede Suriye&#8217;de en \u00f6nemli mali kurum olan Ticaret Bankas\u0131n\u0131n Suriye ve halk\u0131na d\u00fc\u015fman taraflarda uygulanan ekonomik yapt\u0131r\u0131mlardan ciddi derecede etkilendi\u011fine dikkat \u00e7eken Selman; bu yapt\u0131r\u0131mlar\u0131n birinci dereceden Suriye \u00e7ocuklar\u0131n\u0131 hedef ald\u0131\u011f\u0131na vurgu yapt\u0131.<\/p>\n<p>Gurbet\u00e7i heyet ba\u015fkan\u0131 Nebil el Melazi ise yurtsever gurbet\u00e7ilerin anavatanlar\u0131na destek \u00e7abalar\u0131n\u0131 yo\u011funla\u015ft\u0131rma arzular\u0131n\u0131 ifade ederken, Suriye&#8217;deki ger\u00e7ekleri bulunduklar\u0131 \u00fclkelerin kamuoyuna aktarmak i\u00e7in de her gayreti g\u00f6sterdiklerini s\u00f6yledi.<\/p>\n<p>Melazi Suriye&#8217;ye uygulanan ekonomik yapt\u0131r\u0131mlar\u0131n olumsuz yans\u0131malar\u0131n\u0131 kendi g\u00f6zleriyle g\u00f6rd\u00fcklerini ifade ederken bu yapt\u0131r\u0131mlar\u0131n kald\u0131r\u0131lmas\u0131 amac\u0131yla Strazburg\u2019da AB parlamentosu \u00fcyeleriyle bir araya gelmekle birlikte ya\u015fad\u0131klar\u0131 \u00fclkelerin h\u00fck\u00fcmetlerini ikna etme \u00e7abalar\u0131nda bulunacaklar\u0131n\u0131 s\u00f6zlerine ekledi.<\/p>\n<p>Di\u011fer yandan gurbet\u00e7i heyeti \u015eehit Yusuf el Azme Askeri Hastanesinde tedavi g\u00f6ren yaral\u0131 askerlerimize ge\u00e7mi\u015f olsun ziyaretinde bulunmalar\u0131 ard\u0131ndan Mezze\u2019deki Kan Merkezinde yaral\u0131 askerler i\u00e7in kan ba\u011f\u0131\u015f\u0131 kampanyas\u0131nda bulundular.<\/p>\n<div id='gallery-1' class='gallery galleryid-83978 gallery-columns-3 gallery-size-thumbnail'><figure class='gallery-item'>\n\t\t\t<div class='gallery-icon landscape'>\n\t\t\t\t<a href='https:\/\/archive.sana.sy\/tr\/wp-content\/uploads\/2016\/08\/gurbet\u00e7iler-hayeti-3.jpg'><img loading=\"lazy\" decoding=\"async\" width=\"150\" height=\"97\" src=\"https:\/\/archive.sana.sy\/tr\/wp-content\/uploads\/2016\/08\/gurbet\u00e7iler-hayeti-3-150x97.jpg\" class=\"attachment-thumbnail size-thumbnail\" alt=\"\" srcset=\"https:\/\/archive.sana.sy\/tr\/wp-content\/uploads\/2016\/08\/gurbet\u00e7iler-hayeti-3-150x97.jpg 150w, https:\/\/archive.sana.sy\/tr\/wp-content\/uploads\/2016\/08\/gurbet\u00e7iler-hayeti-3-300x195.jpg 300w, https:\/\/archive.sana.sy\/tr\/wp-content\/uploads\/2016\/08\/gurbet\u00e7iler-hayeti-3-768x498.jpg 768w, https:\/\/archive.sana.sy\/tr\/wp-content\/uploads\/2016\/08\/gurbet\u00e7iler-hayeti-3-1024x665.jpg 1024w\" sizes=\"auto, (max-width: 150px) 100vw, 150px\" \/><\/a>\n\t\t\t<\/div><\/figure><figure class='gallery-item'>\n\t\t\t<div class='gallery-icon landscape'>\n\t\t\t\t<a href='https:\/\/archive.sana.sy\/tr\/wp-content\/uploads\/2016\/08\/gurbet\u00e7iler-hayeti-4.jpg'><img loading=\"lazy\" decoding=\"async\" width=\"150\" height=\"101\" src=\"https:\/\/archive.sana.sy\/tr\/wp-content\/uploads\/2016\/08\/gurbet\u00e7iler-hayeti-4-150x101.jpg\" class=\"attachment-thumbnail size-thumbnail\" alt=\"\" srcset=\"https:\/\/archive.sana.sy\/tr\/wp-content\/uploads\/2016\/08\/gurbet\u00e7iler-hayeti-4-150x101.jpg 150w, https:\/\/archive.sana.sy\/tr\/wp-content\/uploads\/2016\/08\/gurbet\u00e7iler-hayeti-4-300x201.jpg 300w, https:\/\/archive.sana.sy\/tr\/wp-content\/uploads\/2016\/08\/gurbet\u00e7iler-hayeti-4-768x515.jpg 768w, https:\/\/archive.sana.sy\/tr\/wp-content\/uploads\/2016\/08\/gurbet\u00e7iler-hayeti-4-1024x686.jpg 1024w, https:\/\/archive.sana.sy\/tr\/wp-content\/uploads\/2016\/08\/gurbet\u00e7iler-hayeti-4-110x75.jpg 110w\" sizes=\"auto, (max-width: 150px) 100vw, 150px\" \/><\/a>\n\t\t\t<\/div><\/figure><figure class='gallery-item'>\n\t\t\t<div class='gallery-icon landscape'>\n\t\t\t\t<a href='https:\/\/archive.sana.sy\/tr\/wp-content\/uploads\/2016\/08\/gurbet\u00e7iler-hayeti-5.jpg'><img loading=\"lazy\" decoding=\"async\" width=\"150\" height=\"96\" src=\"https:\/\/archive.sana.sy\/tr\/wp-content\/uploads\/2016\/08\/gurbet\u00e7iler-hayeti-5-150x96.jpg\" class=\"attachment-thumbnail size-thumbnail\" alt=\"\" srcset=\"https:\/\/archive.sana.sy\/tr\/wp-content\/uploads\/2016\/08\/gurbet\u00e7iler-hayeti-5-150x96.jpg 150w, https:\/\/archive.sana.sy\/tr\/wp-content\/uploads\/2016\/08\/gurbet\u00e7iler-hayeti-5-300x192.jpg 300w, https:\/\/archive.sana.sy\/tr\/wp-content\/uploads\/2016\/08\/gurbet\u00e7iler-hayeti-5-768x492.jpg 768w, https:\/\/archive.sana.sy\/tr\/wp-content\/uploads\/2016\/08\/gurbet\u00e7iler-hayeti-5-1024x655.jpg 1024w\" sizes=\"auto, (max-width: 150px) 100vw, 150px\" \/><\/a>\n\t\t\t<\/div><\/figure>\n\t\t<\/div>\n\n","protected":false},"excerpt":{"rendered":"<p>\u015eAM \u2013 Anavatanlar\u0131 Suriye&#8217;yi ziyaret etmekte olan Var\u015fova Toplulu\u011fu gurbet\u00e7iler heyeti bug\u00fcn ulusal ekonomiye destek ve Suriye&#8217;ye uygulanan ekonomik yapt\u0131r\u0131mlar\u0131n kald\u0131r\u0131lmas\u0131na katk\u0131 sa\u011flama amac\u0131yla Ticaret Bankas\u0131 Genel M\u00fcd\u00fcr\u00fc Firas Selman ile bir araya geldi. G\u00f6r\u00fc\u015fmede Suriye&#8217;de en \u00f6nemli mali kurum olan Ticaret Bankas\u0131n\u0131n Suriye ve halk\u0131na d\u00fc\u015fman taraflarda uygulanan ekonomik yapt\u0131r\u0131mlardan ciddi derecede etkilendi\u011fine dikkat &hellip;<\/p>\n","protected":false},"author":1,"featured_media":83980,"comment_status":"closed","ping_status":"closed","sticky":false,"template":"","format":"standard","meta":{"footnotes":""},"categories":[479,17988,478],"tags":[23265,23264],"class_list":["post-83978","post","type-post","status-publish","format-standard","has-post-thumbnail","","category-haberler-yerel","category-son-haberler","category-yerel","tag-anavatanlari-suriyeyi-ziyaret-etmekte-olan-varsova-toplulugu-gurbetciler-heyeti","tag-gurbetcilerden-ekonomiye-ve-orduya-destek"],"_links":{"self":[{"href":"https:\/\/archive.sana.sy\/tr\/index.php?rest_route=\/wp\/v2\/posts\/83978","targetHints":{"allow":["GET"]}}],"collection":[{"href":"https:\/\/archive.sana.sy\/tr\/index.php?rest_route=\/wp\/v2\/posts"}],"about":[{"href":"https:\/\/archive.sana.sy\/tr\/index.php?rest_route=\/wp\/v2\/types\/post"}],"author":[{"embeddable":true,"href":"https:\/\/archive.sana.sy\/tr\/index.php?rest_route=\/wp\/v2\/users\/1"}],"replies":[{"embeddable":true,"href":"https:\/\/archive.sana.sy\/tr\/index.php?rest_route=%2Fwp%2Fv2%2Fcomments&post=83978"}],"version-history":[{"count":0,"href":"https:\/\/archive.sana.sy\/tr\/index.php?rest_route=\/wp\/v2\/posts\/83978\/revisions"}],"wp:featuredmedia":[{"embeddable":true,"href":"https:\/\/archive.sana.sy\/tr\/index.php?rest_route=\/wp\/v2\/media\/83980"}],"wp:attachment":[{"href":"https:\/\/archive.sana.sy\/tr\/index.php?rest_route=%2Fwp%2Fv2%2Fmedia&parent=83978"}],"wp:term":[{"taxonomy":"category","embeddable":true,"href":"https:\/\/archive.sana.sy\/tr\/index.php?rest_route=%2Fwp%2Fv2%2Fcategories&post=83978"},{"taxonomy":"post_tag","embeddable":true,"href":"https:\/\/archive.sana.sy\/tr\/index.php?rest_route=%2Fwp%2Fv2%2Ftags&post=83978"}],"curies":[{"name":"wp","href":"https:\/\/api.w.org\/{rel}","templated":true}]}}