{"id":84043,"date":"2016-08-18T16:41:10","date_gmt":"2016-08-18T13:41:10","guid":{"rendered":"http:\/\/www.sana.sy\/tr\/?p=84043"},"modified":"2016-08-19T14:11:28","modified_gmt":"2016-08-19T11:11:28","slug":"teror-mevkileri-ve-hareketlenmeleri-yogun-atese-tutuldu","status":"publish","type":"post","link":"https:\/\/archive.sana.sy\/tr\/?p=84043","title":{"rendered":"Ter\u00f6r Mevkileri ve Hareketlenmeleri Yo\u011fun Ate\u015fe Tutuldu (video)"},"content":{"rendered":"<p>\u0130LLER\u00a0\u2013 Ordu birliklerimiz d\u0131\u015f g\u00fc\u00e7lerden destek, \u00f6rt\u00fc ve komuta alan ter\u00f6re kar\u015f\u0131 operasyonlar\u0131nda bug\u00fcn tekfircilerin mevki ve hareketlenmelerini muhtelif b\u00f6lgelerde muhtevalar\u0131yla imha etmeye devam ederken, bir k\u0131s\u0131m b\u00f6lgelerde de sivillere ve askeri noktalara sald\u0131r\u0131lar\u0131n\u0131 \u00e7\u00f6kertti.<\/p>\n<p><span style=\"color: #0000ff\">DERA:<\/span><\/p>\n<p>Dera\u2019da \u0130srail, Suudi Arabistan ve Bat\u0131l\u0131 bir k\u0131s\u0131m devletlerin destek ve y\u00f6nlendirmelerinde ter\u00f6re estiren tekfircilere kar\u015f\u0131 operasyonlar\u0131nda ordu birliklerimiz Dera Beled\u2019in Nazihin B\u00f6lgesinde siperlenme \u00e7al\u0131\u015fmalar\u0131nda bulunan bir dozeri ter\u00f6rist ekibiyle birlikte imha etti.<\/p>\n<p>Yine Dera Beled B\u00f6lgesinde tekfirci ter\u00f6ristlerin siper ve karargahlar\u0131na y\u00f6nelik nitelikli operasyonlar\u0131nda ordu birliklerimiz \u00e7ok say\u0131da ter\u00f6ristle birlikte sivil b\u00f6lgeler ve askeri mevkilere sald\u0131r\u0131lar\u0131nda kulland\u0131klar\u0131 bir havan rampas\u0131n\u0131 ter\u00f6rist ekibiyle birlikte imha etti.<\/p>\n<p>Dera Beled B\u00f6lgesi Dera Baraj\u0131 civar\u0131nda da tekfircilerin bir toplanma yerini ate\u015fe tutan ordu birliklerimiz burada da bir\u00e7ok ter\u00f6risti ara\u00e7 ve cephaneleriyle birlikte etkisiz hale getirdi.<\/p>\n<p>Bu arada askeri kaynak ordu birliklerimizin Dera k\u0131rsal\u0131n\u0131n do\u011fusu Nuayme Beldesinde de Nusra Cephesi ve m\u00fcttefikleri di\u011fer ter\u00f6r gruplar\u0131n mevki ve hareketlenmelerini hedef ald\u0131klar\u0131n\u0131 aktar\u0131rken, bir k\u0131sm\u0131 a\u011f\u0131r silahlarla donat\u0131lm\u0131\u015f cephane ve ter\u00f6rist ta\u015f\u0131yan bir\u00e7ok arac\u0131 y\u00fckleriyle birlikte imha ettiklerini belirtti.<\/p>\n<p><span style=\"color: #0000ff\">HALEP:<\/span><\/p>\n<p>Askeri kaynak SANA\u2019ya a\u00e7\u0131klamas\u0131nda hava g\u00fc\u00e7lerimize tabi sava\u015f u\u00e7aklar\u0131n\u0131n Halep\u2019te kara operasyonlar\u0131 d\u00fczenleyen ordu birliklerimize destek ama\u00e7l\u0131 olarak son 24 saat i\u00e7inde 39 hava operasyonu ger\u00e7ekle\u015ftirdiklerini belirtirken, sava\u015f helikopterlerinin de 35 operasyon ger\u00e7ekle\u015ftirdiklerini aktard\u0131.<\/p>\n<p>Hava operasyonlar\u0131nda Halep k\u0131rsal\u0131n\u0131n bat\u0131 ve do\u011fusu Kefar Hamra ve Arran b\u00f6lgelerinde ter\u00f6ristlerin kulland\u0131klar\u0131 bir dizi karargah ve toplanma yerinin yan\u0131 s\u0131ra 2 cephane depolar\u0131n\u0131n muhtevalar\u0131yla imha edildiklerini s\u00f6yleyen kaynak; y\u00fcksek say\u0131da ter\u00f6ristin de \u00f6l\u00fc yaral\u0131 d\u00fc\u015f\u00fcr\u00fcld\u00fcklerini s\u00f6zlerine ekledi.<\/p>\n<p>Kaynak Hava g\u00fc\u00e7lerimizin Halep k\u0131rsal\u0131n\u0131n bat\u0131s\u0131nda tekfirci ter\u00f6ristlere ait 3 ara\u00e7 konvoyunu ta\u015f\u0131d\u0131klar\u0131 cephane ve onlarca ter\u00f6ristle birlikte imha ettiklerini ifade etti.<\/p>\n<p>Kaynak ordu birliklerimizin hava g\u00fc\u00e7lerimizin deste\u011fi ile Halep\u2019te s\u00fcrd\u00fcrd\u00fckleri operasyonlar kapsam\u0131nda askeri akademiler civar\u0131nda d\u0131\u015f g\u00fc\u00e7lere hizmet eden ter\u00f6ristlerin 1 tank, 2 f\u00fcze bataryas\u0131 ve 3 toplar\u0131n\u0131 imha ettiklerini aktar\u0131rken aralar\u0131nda bariz tehlikeli isimlerin bulundu\u011fu 70 ter\u00f6risti de \u00f6ld\u00fcrd\u00fcklerini belirtti.<\/p>\n<p>https:\/\/www.youtube.com\/watch?v=RMhdemIw_54<\/p>\n<p><span style=\"color: #0000ff\">\u0130DL\u0130B:<\/span><\/p>\n<p>\u0130dlib\u2019te de askeri kaynak SANA\u2019ya a\u00e7\u0131klamas\u0131nda hava g\u00fc\u00e7lerimizin \u0130dlib k\u0131rsal\u0131n\u0131n Zerdana Beldesi yak\u0131nlar\u0131nda \u00e7okuluslu ter\u00f6ristlere ait olan ve bir k\u0131sm\u0131 a\u011f\u0131r silahlarla donat\u0131lm\u0131\u015f \u00e7ok say\u0131da arac\u0131 y\u00fckleriyle birlikte imha ettiklerini s\u00f6yledi.<\/p>\n<p><span style=\"color: #0000ff\">DEYREZZOR:<\/span><\/p>\n<p>Deyrezzor\u2019da ise askeri kaynak ordu birliklerimizin il k\u0131rsal\u0131n\u0131n Mureyiye ve B\u011fayliye b\u00f6lgelerinde I\u015e\u0130D\u2019e ait iki karargah\u0131n\u0131 i\u00e7erdikleri t\u00fcm ter\u00f6ristler, cephane ve ara\u00e7larla imha ettiklerini belirtti.<\/p>\n","protected":false},"excerpt":{"rendered":"<p>\u0130LLER\u00a0\u2013 Ordu birliklerimiz d\u0131\u015f g\u00fc\u00e7lerden destek, \u00f6rt\u00fc ve komuta alan ter\u00f6re kar\u015f\u0131 operasyonlar\u0131nda bug\u00fcn tekfircilerin mevki ve hareketlenmelerini muhtelif b\u00f6lgelerde muhtevalar\u0131yla imha etmeye devam ederken, bir k\u0131s\u0131m b\u00f6lgelerde de sivillere ve askeri noktalara sald\u0131r\u0131lar\u0131n\u0131 \u00e7\u00f6kertti. DERA: Dera\u2019da \u0130srail, Suudi Arabistan ve Bat\u0131l\u0131 bir k\u0131s\u0131m devletlerin destek ve y\u00f6nlendirmelerinde ter\u00f6re estiren tekfircilere kar\u015f\u0131 operasyonlar\u0131nda ordu birliklerimiz &hellip;<\/p>\n","protected":false},"author":1,"featured_media":84054,"comment_status":"closed","ping_status":"closed","sticky":false,"template":"","format":"standard","meta":{"footnotes":""},"categories":[575,17988],"tags":[3464,18365,18237,18576,2318,15945,18347,18674,11549,19043,23260,18604],"class_list":["post-84043","post","type-post","status-publish","format-standard","has-post-thumbnail","","category-olaylar-ve-gercekler","category-son-haberler","tag-nusra-cephesi","tag-ahrar-el-sam","tag-cihatcilar","tag-daes","tag-isid","tag-ilimli-muhalifler","tag-oso","tag-silahli-muhalifler","tag-suriye-ordusu","tag-suriyede-son-durum","tag-suriyedeki-gelismeler","tag-terore-karsi-savas"],"_links":{"self":[{"href":"https:\/\/archive.sana.sy\/tr\/index.php?rest_route=\/wp\/v2\/posts\/84043","targetHints":{"allow":["GET"]}}],"collection":[{"href":"https:\/\/archive.sana.sy\/tr\/index.php?rest_route=\/wp\/v2\/posts"}],"about":[{"href":"https:\/\/archive.sana.sy\/tr\/index.php?rest_route=\/wp\/v2\/types\/post"}],"author":[{"embeddable":true,"href":"https:\/\/archive.sana.sy\/tr\/index.php?rest_route=\/wp\/v2\/users\/1"}],"replies":[{"embeddable":true,"href":"https:\/\/archive.sana.sy\/tr\/index.php?rest_route=%2Fwp%2Fv2%2Fcomments&post=84043"}],"version-history":[{"count":0,"href":"https:\/\/archive.sana.sy\/tr\/index.php?rest_route=\/wp\/v2\/posts\/84043\/revisions"}],"wp:featuredmedia":[{"embeddable":true,"href":"https:\/\/archive.sana.sy\/tr\/index.php?rest_route=\/wp\/v2\/media\/84054"}],"wp:attachment":[{"href":"https:\/\/archive.sana.sy\/tr\/index.php?rest_route=%2Fwp%2Fv2%2Fmedia&parent=84043"}],"wp:term":[{"taxonomy":"category","embeddable":true,"href":"https:\/\/archive.sana.sy\/tr\/index.php?rest_route=%2Fwp%2Fv2%2Fcategories&post=84043"},{"taxonomy":"post_tag","embeddable":true,"href":"https:\/\/archive.sana.sy\/tr\/index.php?rest_route=%2Fwp%2Fv2%2Ftags&post=84043"}],"curies":[{"name":"wp","href":"https:\/\/api.w.org\/{rel}","templated":true}]}}