{"id":84045,"date":"2016-08-18T10:42:53","date_gmt":"2016-08-18T07:42:53","guid":{"rendered":"http:\/\/www.sana.sy\/tr\/?p=84045"},"modified":"2016-08-18T12:11:11","modified_gmt":"2016-08-18T09:11:11","slug":"dera-beled-bolgesinde-tekfirci-teroristlerin-siper-ve-karargahlarina-yonelik-nitelikli-operasyonlarinda-ordu-birliklerimiz-cok-sayida-teroristle-birlikte-sivil-bolgeler-ve-askeri-mevkilere-saldirilari","status":"publish","type":"post","link":"https:\/\/archive.sana.sy\/tr\/?p=84045","title":{"rendered":"Dera Beled B\u00f6lgesinde tekfirci ter\u00f6ristlerin siper ve karargahlar\u0131na y\u00f6nelik nitelikli operasyonlar\u0131nda ordu birliklerimiz \u00e7ok say\u0131da ter\u00f6ristle birlikte sivil b\u00f6lgeler ve askeri mevkilere sald\u0131r\u0131lar\u0131nda kulland\u0131klar\u0131 bir havan rampas\u0131n\u0131 ter\u00f6rist ekibiyle birlikte imha etti."},"content":{"rendered":"<p>Dera Beled B\u00f6lgesinde tekfirci ter\u00f6ristlerin siper ve karargahlar\u0131na y\u00f6nelik nitelikli operasyonlar\u0131nda ordu birliklerimiz \u00e7ok say\u0131da ter\u00f6ristle birlikte sivil b\u00f6lgeler ve askeri mevkilere sald\u0131r\u0131lar\u0131nda kulland\u0131klar\u0131 bir havan rampas\u0131n\u0131 ter\u00f6rist ekibiyle birlikte imha etti.<\/p>\n","protected":false},"excerpt":{"rendered":"<p>Dera Beled B\u00f6lgesinde tekfirci ter\u00f6ristlerin siper ve karargahlar\u0131na y\u00f6nelik nitelikli operasyonlar\u0131nda ordu birliklerimiz \u00e7ok say\u0131da ter\u00f6ristle birlikte sivil b\u00f6lgeler ve askeri mevkilere sald\u0131r\u0131lar\u0131nda kulland\u0131klar\u0131 bir havan rampas\u0131n\u0131 ter\u00f6rist ekibiyle birlikte imha etti.<\/p>\n","protected":false},"author":1,"featured_media":0,"comment_status":"closed","ping_status":"closed","sticky":false,"template":"","format":"standard","meta":{"footnotes":""},"categories":[17991],"tags":[],"class_list":["post-84045","post","type-post","status-publish","format-standard","","category-son-dakika"],"_links":{"self":[{"href":"https:\/\/archive.sana.sy\/tr\/index.php?rest_route=\/wp\/v2\/posts\/84045","targetHints":{"allow":["GET"]}}],"collection":[{"href":"https:\/\/archive.sana.sy\/tr\/index.php?rest_route=\/wp\/v2\/posts"}],"about":[{"href":"https:\/\/archive.sana.sy\/tr\/index.php?rest_route=\/wp\/v2\/types\/post"}],"author":[{"embeddable":true,"href":"https:\/\/archive.sana.sy\/tr\/index.php?rest_route=\/wp\/v2\/users\/1"}],"replies":[{"embeddable":true,"href":"https:\/\/archive.sana.sy\/tr\/index.php?rest_route=%2Fwp%2Fv2%2Fcomments&post=84045"}],"version-history":[{"count":0,"href":"https:\/\/archive.sana.sy\/tr\/index.php?rest_route=\/wp\/v2\/posts\/84045\/revisions"}],"wp:attachment":[{"href":"https:\/\/archive.sana.sy\/tr\/index.php?rest_route=%2Fwp%2Fv2%2Fmedia&parent=84045"}],"wp:term":[{"taxonomy":"category","embeddable":true,"href":"https:\/\/archive.sana.sy\/tr\/index.php?rest_route=%2Fwp%2Fv2%2Fcategories&post=84045"},{"taxonomy":"post_tag","embeddable":true,"href":"https:\/\/archive.sana.sy\/tr\/index.php?rest_route=%2Fwp%2Fv2%2Ftags&post=84045"}],"curies":[{"name":"wp","href":"https:\/\/api.w.org\/{rel}","templated":true}]}}