{"id":84049,"date":"2016-08-18T11:03:44","date_gmt":"2016-08-18T08:03:44","guid":{"rendered":"http:\/\/www.sana.sy\/tr\/?p=84049"},"modified":"2016-08-18T12:13:55","modified_gmt":"2016-08-18T09:13:55","slug":"dera-beled-bolgesi-dera-baraji-civarinda-da-tekfircilerin-bir-toplanma-yerini-atese-tutan-ordu-birliklerimiz-burada-da-bircok-teroristi-arac-ve-cephaneleriyle-birlikte-etkisiz-hale-getirdi","status":"publish","type":"post","link":"https:\/\/archive.sana.sy\/tr\/?p=84049","title":{"rendered":"Dera Beled B\u00f6lgesi Dera Baraj\u0131 civar\u0131nda tekfircilerin bir toplanma yerini ate\u015fe tutan ordu birliklerimiz burada da bir\u00e7ok ter\u00f6risti ara\u00e7 ve cephaneleriyle birlikte etkisiz hale getirdi."},"content":{"rendered":"<p>Dera Beled B\u00f6lgesi Dera Baraj\u0131 civar\u0131nda tekfircilerin bir toplanma yerini ate\u015fe tutan ordu birliklerimiz burada da bir\u00e7ok ter\u00f6risti ara\u00e7 ve cephaneleriyle birlikte etkisiz hale getirdi.<\/p>\n","protected":false},"excerpt":{"rendered":"<p>Dera Beled B\u00f6lgesi Dera Baraj\u0131 civar\u0131nda tekfircilerin bir toplanma yerini ate\u015fe tutan ordu birliklerimiz burada da bir\u00e7ok ter\u00f6risti ara\u00e7 ve cephaneleriyle birlikte etkisiz hale getirdi.<\/p>\n","protected":false},"author":1,"featured_media":0,"comment_status":"closed","ping_status":"closed","sticky":false,"template":"","format":"standard","meta":{"footnotes":""},"categories":[17991],"tags":[],"class_list":["post-84049","post","type-post","status-publish","format-standard","","category-son-dakika"],"_links":{"self":[{"href":"https:\/\/archive.sana.sy\/tr\/index.php?rest_route=\/wp\/v2\/posts\/84049","targetHints":{"allow":["GET"]}}],"collection":[{"href":"https:\/\/archive.sana.sy\/tr\/index.php?rest_route=\/wp\/v2\/posts"}],"about":[{"href":"https:\/\/archive.sana.sy\/tr\/index.php?rest_route=\/wp\/v2\/types\/post"}],"author":[{"embeddable":true,"href":"https:\/\/archive.sana.sy\/tr\/index.php?rest_route=\/wp\/v2\/users\/1"}],"replies":[{"embeddable":true,"href":"https:\/\/archive.sana.sy\/tr\/index.php?rest_route=%2Fwp%2Fv2%2Fcomments&post=84049"}],"version-history":[{"count":0,"href":"https:\/\/archive.sana.sy\/tr\/index.php?rest_route=\/wp\/v2\/posts\/84049\/revisions"}],"wp:attachment":[{"href":"https:\/\/archive.sana.sy\/tr\/index.php?rest_route=%2Fwp%2Fv2%2Fmedia&parent=84049"}],"wp:term":[{"taxonomy":"category","embeddable":true,"href":"https:\/\/archive.sana.sy\/tr\/index.php?rest_route=%2Fwp%2Fv2%2Fcategories&post=84049"},{"taxonomy":"post_tag","embeddable":true,"href":"https:\/\/archive.sana.sy\/tr\/index.php?rest_route=%2Fwp%2Fv2%2Ftags&post=84049"}],"curies":[{"name":"wp","href":"https:\/\/api.w.org\/{rel}","templated":true}]}}