{"id":84058,"date":"2016-08-18T13:15:09","date_gmt":"2016-08-18T10:15:09","guid":{"rendered":"http:\/\/www.sana.sy\/tr\/?p=84058"},"modified":"2016-08-18T15:11:51","modified_gmt":"2016-08-18T12:11:51","slug":"askeri-kaynak-sanaya-aciklamasinda-hava-guclerimize-tabi-savas-ucaklarinin-muhtelif-bolgelerde-kara-operasyonlari-duzenleyen-ordu-birliklerimize-destek-amacli-olarak-son-24-saat-icinde-39-hav","status":"publish","type":"post","link":"https:\/\/archive.sana.sy\/tr\/?p=84058","title":{"rendered":"Askeri kaynak SAAskeri kaynak SANA\u2019ya a\u00e7\u0131klamas\u0131nda hava g\u00fc\u00e7lerimize tabi sava\u015f u\u00e7aklar\u0131n\u0131n Halep\u2019te kara operasyonlar\u0131 d\u00fczenleyen ordu birliklerimize destek ama\u00e7l\u0131 olarak son 24 saat i\u00e7inde 39 hava operasyonu ger\u00e7ekle\u015ftirdiklerini belirtirken, sava\u015f helikopterlerinin de 35 operasyon ger\u00e7ekle\u015ftirdiklerini aktard\u0131"},"content":{"rendered":"<p>Askeri kaynak SANA\u2019ya a\u00e7\u0131klamas\u0131nda hava g\u00fc\u00e7lerimize tabi sava\u015f u\u00e7aklar\u0131n\u0131n Halep\u2019te kara operasyonlar\u0131 d\u00fczenleyen ordu birliklerimize destek ama\u00e7l\u0131 olarak son 24 saat i\u00e7inde 39 hava operasyonu ger\u00e7ekle\u015ftirdiklerini belirtirken, sava\u015f helikopterlerinin de 35 operasyon ger\u00e7ekle\u015ftirdiklerini aktard\u0131<\/p>\n","protected":false},"excerpt":{"rendered":"<p>Askeri kaynak SANA\u2019ya a\u00e7\u0131klamas\u0131nda hava g\u00fc\u00e7lerimize tabi sava\u015f u\u00e7aklar\u0131n\u0131n Halep\u2019te kara operasyonlar\u0131 d\u00fczenleyen ordu birliklerimize destek ama\u00e7l\u0131 olarak son 24 saat i\u00e7inde 39 hava operasyonu ger\u00e7ekle\u015ftirdiklerini belirtirken, sava\u015f helikopterlerinin de 35 operasyon ger\u00e7ekle\u015ftirdiklerini aktard\u0131<\/p>\n","protected":false},"author":1,"featured_media":0,"comment_status":"closed","ping_status":"closed","sticky":false,"template":"","format":"standard","meta":{"footnotes":""},"categories":[17991],"tags":[],"class_list":["post-84058","post","type-post","status-publish","format-standard","","category-son-dakika"],"_links":{"self":[{"href":"https:\/\/archive.sana.sy\/tr\/index.php?rest_route=\/wp\/v2\/posts\/84058","targetHints":{"allow":["GET"]}}],"collection":[{"href":"https:\/\/archive.sana.sy\/tr\/index.php?rest_route=\/wp\/v2\/posts"}],"about":[{"href":"https:\/\/archive.sana.sy\/tr\/index.php?rest_route=\/wp\/v2\/types\/post"}],"author":[{"embeddable":true,"href":"https:\/\/archive.sana.sy\/tr\/index.php?rest_route=\/wp\/v2\/users\/1"}],"replies":[{"embeddable":true,"href":"https:\/\/archive.sana.sy\/tr\/index.php?rest_route=%2Fwp%2Fv2%2Fcomments&post=84058"}],"version-history":[{"count":0,"href":"https:\/\/archive.sana.sy\/tr\/index.php?rest_route=\/wp\/v2\/posts\/84058\/revisions"}],"wp:attachment":[{"href":"https:\/\/archive.sana.sy\/tr\/index.php?rest_route=%2Fwp%2Fv2%2Fmedia&parent=84058"}],"wp:term":[{"taxonomy":"category","embeddable":true,"href":"https:\/\/archive.sana.sy\/tr\/index.php?rest_route=%2Fwp%2Fv2%2Fcategories&post=84058"},{"taxonomy":"post_tag","embeddable":true,"href":"https:\/\/archive.sana.sy\/tr\/index.php?rest_route=%2Fwp%2Fv2%2Ftags&post=84058"}],"curies":[{"name":"wp","href":"https:\/\/api.w.org\/{rel}","templated":true}]}}