{"id":84059,"date":"2016-08-18T13:48:14","date_gmt":"2016-08-18T10:48:14","guid":{"rendered":"http:\/\/www.sana.sy\/tr\/?p=84059"},"modified":"2016-08-18T13:48:40","modified_gmt":"2016-08-18T10:48:40","slug":"deyrezzorda-ise-askeri-kaynak-ordu-birliklerimizin-il-kirsalinin-mureyiye-ve-bgayliye-bolgelerinde-iside-ait-iki-karargahini-icerdikleri-tum-teroristler-cephane-ve-araclarla-imha-et","status":"publish","type":"post","link":"https:\/\/archive.sana.sy\/tr\/?p=84059","title":{"rendered":"Deyrezzor\u2019da askeri kaynak ordu birliklerimizin il k\u0131rsal\u0131n\u0131n Mureyiye ve B\u011fayliye b\u00f6lgelerinde I\u015e\u0130D\u2019e ait iki karargah\u0131n\u0131 i\u00e7erdikleri t\u00fcm ter\u00f6ristler, cephane ve ara\u00e7larla imha ettiklerini belirtti."},"content":{"rendered":"<p>Deyrezzor\u2019da askeri kaynak ordu birliklerimizin il k\u0131rsal\u0131n\u0131n Mureyiye ve B\u011fayliye b\u00f6lgelerinde I\u015e\u0130D\u2019e ait iki karargah\u0131n\u0131 i\u00e7erdikleri t\u00fcm ter\u00f6ristler, cephane ve ara\u00e7larla imha ettiklerini belirtti.<\/p>\n","protected":false},"excerpt":{"rendered":"<p>Deyrezzor\u2019da askeri kaynak ordu birliklerimizin il k\u0131rsal\u0131n\u0131n Mureyiye ve B\u011fayliye b\u00f6lgelerinde I\u015e\u0130D\u2019e ait iki karargah\u0131n\u0131 i\u00e7erdikleri t\u00fcm ter\u00f6ristler, cephane ve ara\u00e7larla imha ettiklerini belirtti.<\/p>\n","protected":false},"author":1,"featured_media":0,"comment_status":"closed","ping_status":"closed","sticky":false,"template":"","format":"standard","meta":{"footnotes":""},"categories":[17991],"tags":[],"class_list":["post-84059","post","type-post","status-publish","format-standard","","category-son-dakika"],"_links":{"self":[{"href":"https:\/\/archive.sana.sy\/tr\/index.php?rest_route=\/wp\/v2\/posts\/84059","targetHints":{"allow":["GET"]}}],"collection":[{"href":"https:\/\/archive.sana.sy\/tr\/index.php?rest_route=\/wp\/v2\/posts"}],"about":[{"href":"https:\/\/archive.sana.sy\/tr\/index.php?rest_route=\/wp\/v2\/types\/post"}],"author":[{"embeddable":true,"href":"https:\/\/archive.sana.sy\/tr\/index.php?rest_route=\/wp\/v2\/users\/1"}],"replies":[{"embeddable":true,"href":"https:\/\/archive.sana.sy\/tr\/index.php?rest_route=%2Fwp%2Fv2%2Fcomments&post=84059"}],"version-history":[{"count":0,"href":"https:\/\/archive.sana.sy\/tr\/index.php?rest_route=\/wp\/v2\/posts\/84059\/revisions"}],"wp:attachment":[{"href":"https:\/\/archive.sana.sy\/tr\/index.php?rest_route=%2Fwp%2Fv2%2Fmedia&parent=84059"}],"wp:term":[{"taxonomy":"category","embeddable":true,"href":"https:\/\/archive.sana.sy\/tr\/index.php?rest_route=%2Fwp%2Fv2%2Fcategories&post=84059"},{"taxonomy":"post_tag","embeddable":true,"href":"https:\/\/archive.sana.sy\/tr\/index.php?rest_route=%2Fwp%2Fv2%2Ftags&post=84059"}],"curies":[{"name":"wp","href":"https:\/\/api.w.org\/{rel}","templated":true}]}}