{"id":84076,"date":"2016-08-18T14:40:24","date_gmt":"2016-08-18T11:40:24","guid":{"rendered":"http:\/\/www.sana.sy\/tr\/?p=84076"},"modified":"2016-08-18T15:08:22","modified_gmt":"2016-08-18T12:08:22","slug":"askeri-kaynak-hava-guclerimizin-halep-kirsalinin-batisinda-tekfirci-teroristlere-ait-3-arac-konvoyunu-tasidiklari-cephane-ve-onlarca-teroristle-birlikte-imha-ettiklerini-ifade-etti","status":"publish","type":"post","link":"https:\/\/archive.sana.sy\/tr\/?p=84076","title":{"rendered":"Askeri kaynak hava g\u00fc\u00e7lerimizin Halep k\u0131rsal\u0131n\u0131n bat\u0131s\u0131nda tekfirci ter\u00f6ristlere ait 3 ara\u00e7 konvoyunu ta\u015f\u0131d\u0131klar\u0131 cephane ve onlarca ter\u00f6ristle birlikte imha ettiklerini ifade etti."},"content":{"rendered":"<p>Askeri kaynak hava g\u00fc\u00e7lerimizin Halep k\u0131rsal\u0131n\u0131n bat\u0131s\u0131nda tekfirci ter\u00f6ristlere ait 3 ara\u00e7 konvoyunu ta\u015f\u0131d\u0131klar\u0131 cephane ve onlarca ter\u00f6ristle birlikte imha ettiklerini ifade etti.<\/p>\n","protected":false},"excerpt":{"rendered":"<p>Askeri kaynak hava g\u00fc\u00e7lerimizin Halep k\u0131rsal\u0131n\u0131n bat\u0131s\u0131nda tekfirci ter\u00f6ristlere ait 3 ara\u00e7 konvoyunu ta\u015f\u0131d\u0131klar\u0131 cephane ve onlarca ter\u00f6ristle birlikte imha ettiklerini ifade etti.<\/p>\n","protected":false},"author":1,"featured_media":0,"comment_status":"closed","ping_status":"closed","sticky":false,"template":"","format":"standard","meta":{"footnotes":""},"categories":[17991],"tags":[],"class_list":["post-84076","post","type-post","status-publish","format-standard","","category-son-dakika"],"_links":{"self":[{"href":"https:\/\/archive.sana.sy\/tr\/index.php?rest_route=\/wp\/v2\/posts\/84076","targetHints":{"allow":["GET"]}}],"collection":[{"href":"https:\/\/archive.sana.sy\/tr\/index.php?rest_route=\/wp\/v2\/posts"}],"about":[{"href":"https:\/\/archive.sana.sy\/tr\/index.php?rest_route=\/wp\/v2\/types\/post"}],"author":[{"embeddable":true,"href":"https:\/\/archive.sana.sy\/tr\/index.php?rest_route=\/wp\/v2\/users\/1"}],"replies":[{"embeddable":true,"href":"https:\/\/archive.sana.sy\/tr\/index.php?rest_route=%2Fwp%2Fv2%2Fcomments&post=84076"}],"version-history":[{"count":0,"href":"https:\/\/archive.sana.sy\/tr\/index.php?rest_route=\/wp\/v2\/posts\/84076\/revisions"}],"wp:attachment":[{"href":"https:\/\/archive.sana.sy\/tr\/index.php?rest_route=%2Fwp%2Fv2%2Fmedia&parent=84076"}],"wp:term":[{"taxonomy":"category","embeddable":true,"href":"https:\/\/archive.sana.sy\/tr\/index.php?rest_route=%2Fwp%2Fv2%2Fcategories&post=84076"},{"taxonomy":"post_tag","embeddable":true,"href":"https:\/\/archive.sana.sy\/tr\/index.php?rest_route=%2Fwp%2Fv2%2Ftags&post=84076"}],"curies":[{"name":"wp","href":"https:\/\/api.w.org\/{rel}","templated":true}]}}