{"id":84094,"date":"2016-08-18T12:00:34","date_gmt":"2016-08-18T09:00:34","guid":{"rendered":"http:\/\/www.sana.sy\/tr\/?p=84094"},"modified":"2016-08-19T11:21:31","modified_gmt":"2016-08-19T08:21:31","slug":"rusya-ve-irandan-havalanan-rus-ucaklar-isidi-vurdu","status":"publish","type":"post","link":"https:\/\/archive.sana.sy\/tr\/?p=84094","title":{"rendered":"Rusya ve \u0130ran\u2019dan Havalanan Rus U\u00e7aklar I\u015e\u0130D\u2019i Vurdu (video)"},"content":{"rendered":"<p>MOSKOVA \u2013 Rusya Savunma Bakanl\u0131\u011f\u0131 Rusya ve \u0130ran topraklar\u0131ndan havalanan Rus uzun menzilli sava\u015f u\u00e7aklar\u0131n\u0131n Suriye&#8217;de I\u015e\u0130D mevkilerini bombalad\u0131klar\u0131n\u0131 belirtti.<\/p>\n<p>Rus bakanl\u0131k bug\u00fcn yay\u0131nlad\u0131\u011f\u0131 b\u00fcltende; Rus Tu 22M3 ve SU 34 tipi sava\u015f u\u00e7aklar\u0131n\u0131n bug\u00fcn Rusya ve \u0130ran\u2019daki hava \u00fcslerinden havalanarak Suriye&#8217;nin Deyrezzor \u0130linde I\u015e\u0130D karargahlar\u0131n\u0131 imha ettiklerini ifade etti.<\/p>\n<p>Hava operasyonlar\u0131nda olduk\u00e7a y\u00fcksek say\u0131da tekfirci ter\u00f6ristin \u00f6ld\u00fcr\u00fcld\u00fc\u011f\u00fcn\u00fc belirten Rus bakanl\u0131k; ayn\u0131 zamanda I\u015e\u0130D\u2019e ait 5 b\u00fcy\u00fck cephane deposu, 6 komuta karargah\u0131, top rampalar\u0131 ve z\u0131rhl\u0131 ara\u00e7lar\u0131n\u0131n imha edildi\u011fini kaydetti.<\/p>\n<p>Rus bakanl\u0131k Lazkiye k\u0131rsal\u0131 Hmeymim Hava \u00dcss\u00fcnden havalanan Rus SU 30 SM ve SU 35 S tipi sava\u015f u\u00e7aklar\u0131n\u0131n refakat ettikleri s\u00f6z konusu u\u00e7aklar\u0131n g\u00f6revlerini ba\u015far\u0131yla tamamlamalar\u0131 ard\u0131ndan Rusya ve \u0130ran\u2019daki \u00fcslerine sa\u011f salim d\u00f6nd\u00fcklerini ifade etti.<\/p>\n<p>https:\/\/www.youtube.com\/watch?v=sj4IgIQ0OWQ<\/p>\n","protected":false},"excerpt":{"rendered":"<p>MOSKOVA \u2013 Rusya Savunma Bakanl\u0131\u011f\u0131 Rusya ve \u0130ran topraklar\u0131ndan havalanan Rus uzun menzilli sava\u015f u\u00e7aklar\u0131n\u0131n Suriye&#8217;de I\u015e\u0130D mevkilerini bombalad\u0131klar\u0131n\u0131 belirtti. Rus bakanl\u0131k bug\u00fcn yay\u0131nlad\u0131\u011f\u0131 b\u00fcltende; Rus Tu 22M3 ve SU 34 tipi sava\u015f u\u00e7aklar\u0131n\u0131n bug\u00fcn Rusya ve \u0130ran\u2019daki hava \u00fcslerinden havalanarak Suriye&#8217;nin Deyrezzor \u0130linde I\u015e\u0130D karargahlar\u0131n\u0131 imha ettiklerini ifade etti. Hava operasyonlar\u0131nda olduk\u00e7a y\u00fcksek say\u0131da &hellip;<\/p>\n","protected":false},"author":1,"featured_media":84097,"comment_status":"closed","ping_status":"closed","sticky":false,"template":"","format":"standard","meta":{"footnotes":""},"categories":[458,459,575,17988],"tags":[23272,18801,20390],"class_list":["post-84094","post","type-post","status-publish","format-standard","has-post-thumbnail","","category-dunya1","category-haberler-arap-uluslararasi-politika","category-olaylar-ve-gercekler","category-son-haberler","tag-isid-mevkileri","tag-rus-savas-ucaklari","tag-rusya-savunma-baknaligi"],"_links":{"self":[{"href":"https:\/\/archive.sana.sy\/tr\/index.php?rest_route=\/wp\/v2\/posts\/84094","targetHints":{"allow":["GET"]}}],"collection":[{"href":"https:\/\/archive.sana.sy\/tr\/index.php?rest_route=\/wp\/v2\/posts"}],"about":[{"href":"https:\/\/archive.sana.sy\/tr\/index.php?rest_route=\/wp\/v2\/types\/post"}],"author":[{"embeddable":true,"href":"https:\/\/archive.sana.sy\/tr\/index.php?rest_route=\/wp\/v2\/users\/1"}],"replies":[{"embeddable":true,"href":"https:\/\/archive.sana.sy\/tr\/index.php?rest_route=%2Fwp%2Fv2%2Fcomments&post=84094"}],"version-history":[{"count":0,"href":"https:\/\/archive.sana.sy\/tr\/index.php?rest_route=\/wp\/v2\/posts\/84094\/revisions"}],"wp:featuredmedia":[{"embeddable":true,"href":"https:\/\/archive.sana.sy\/tr\/index.php?rest_route=\/wp\/v2\/media\/84097"}],"wp:attachment":[{"href":"https:\/\/archive.sana.sy\/tr\/index.php?rest_route=%2Fwp%2Fv2%2Fmedia&parent=84094"}],"wp:term":[{"taxonomy":"category","embeddable":true,"href":"https:\/\/archive.sana.sy\/tr\/index.php?rest_route=%2Fwp%2Fv2%2Fcategories&post=84094"},{"taxonomy":"post_tag","embeddable":true,"href":"https:\/\/archive.sana.sy\/tr\/index.php?rest_route=%2Fwp%2Fv2%2Ftags&post=84094"}],"curies":[{"name":"wp","href":"https:\/\/api.w.org\/{rel}","templated":true}]}}